{"id":33017,"date":"2012-05-23T14:50:51","date_gmt":"2012-05-23T17:50:51","guid":{"rendered":"http:\/\/senoticias.com.br\/se\/?p=33017"},"modified":"2012-05-23T21:50:29","modified_gmt":"2012-05-24T00:50:29","slug":"parecer-de-marcio-macedo-em-projeto-que-disciplina-compra-de-agrotoxicos-e-aprovado","status":"publish","type":"post","link":"https:\/\/senoticias.com.br\/se\/parecer-de-marcio-macedo-em-projeto-que-disciplina-compra-de-agrotoxicos-e-aprovado\/","title":{"rendered":"Parecer de M\u00e1rcio Mac\u00eado, em projeto que disciplina compra de agrot\u00f3xicos, \u00e9 aprovado"},"content":{"rendered":"<div id=\"attachment_28491\" style=\"width: 242px\" class=\"wp-caption alignleft\"><a href=\"http:\/\/senoticias.com.br\/se\/wp-content\/uploads\/2012\/03\/mm.jpg\"><img loading=\"lazy\" decoding=\"async\" aria-describedby=\"caption-attachment-28491\" class=\"size-medium wp-image-28491\" title=\"M\u00e1rcio Macedo\" src=\"http:\/\/senoticias.com.br\/se\/wp-content\/uploads\/2012\/03\/mm-232x300.jpg\" alt=\"\" width=\"232\" height=\"300\" srcset=\"https:\/\/senoticias.com.br\/se\/wp-content\/uploads\/2012\/03\/mm-232x300.jpg 232w, https:\/\/senoticias.com.br\/se\/wp-content\/uploads\/2012\/03\/mm-793x1024.jpg 793w, https:\/\/senoticias.com.br\/se\/wp-content\/uploads\/2012\/03\/mm-342x441.jpg 342w, https:\/\/senoticias.com.br\/se\/wp-content\/uploads\/2012\/03\/mm-300x387.jpg 300w, https:\/\/senoticias.com.br\/se\/wp-content\/uploads\/2012\/03\/mm.jpg 800w\" sizes=\"(max-width: 232px) 100vw, 232px\" \/><\/a><p id=\"caption-attachment-28491\" class=\"wp-caption-text\">M\u00e1rcio Mac\u00eado (PT) coordenou nesta quarta-feira, 23, a interven\u00e7\u00e3o da bancada do PT. (Foto: Assessoria Parlamentar)<\/p><\/div>\n<p style=\"text-align: justify;\">O deputado federal M\u00e1rcio Mac\u00eado (PT) coordenou nesta quarta-feira, 23, a interven\u00e7\u00e3o da bancada do PT e dos partidos aliados, em algumas discuss\u00f5es na Comiss\u00e3o de Meio Ambiente e Desenvolvimento Sustent\u00e1vel da C\u00e2mara. Na principal delas, o parlamentar defendeu a aprova\u00e7\u00e3o do parecer dele no projeto de lei 3.060\/2011, que disciplina o receitu\u00e1rio agron\u00f4mico, estabelecendo, dentre outras disposi\u00e7\u00f5es, que a emiss\u00e3o de receitas para a compra de agrot\u00f3xicos deve se dar com c\u00f3pia para os \u00f3rg\u00e3os p\u00fablicos, h\u00e1 exemplo do que j\u00e1 acontece com alguns medicamentos perigosos.<\/p>\n<p style=\"text-align: justify;\">M\u00e1rcio Mac\u00eado mostrou que o projeto n\u00e3o elimina o uso dos agrot\u00f3xicos, nem aumenta custos ou imp\u00f5e tr\u00e2mites burocr\u00e1ticos adicionais ao setor agr\u00edcola, exigindo apenas dos usu\u00e1rios que informem \u00e0s autoridades sobre o tipo e a quantidade de produtos venenosos que est\u00e3o sendo usados na agricultura.<\/p>\n<p style=\"text-align: justify;\">O objetivo do projeto \u00e9 melhorar os mecanismos de controle sobre esses produtos, colaborando com a fiscaliza\u00e7\u00e3o sobre a qualidade e sanidade dos alimentos. O parlamentar baseou-se em dados cient\u00edficos que mostram a exist\u00eancia de agrot\u00f3xicos em quantidade maior do que o m\u00ednimo recomendado pelas autoridades em mais de 25% dos hortifrutigranjeiros analisados nas amostras colidas por diferentes pesquisadores.<\/p>\n<p style=\"text-align: justify;\">Durante o debate, com representantes da bancada ruralista se opondo \u00e0 aprova\u00e7\u00e3o do parecer de deputado sergipano, M\u00e1rcio Mac\u00eado reafirmou sua lideran\u00e7a naquele plen\u00e1rio, ao convencer a maioria dos integrantes da comiss\u00e3o a acompanharem seu voto. O parecer do projeto foi aprovado por 11 votos. Sete deputados votaram contr\u00e1rios. A mat\u00e9ria agora segue para a Comiss\u00e3o de Agricultura.<\/p>\n<p style=\"text-align: justify;\"><span style=\"color: #666699;\"><em><strong>Assessoria Parlamentar<\/strong><\/em><\/span><\/p>\n","protected":false},"excerpt":{"rendered":"<p>O deputado federal M\u00e1rcio Mac\u00eado (PT) coordenou nesta quarta-feira, 23, a interven\u00e7\u00e3o da bancada do PT e dos partidos aliados, em algumas discuss\u00f5es na Comiss\u00e3o de Meio Ambiente e Desenvolvimento Sustent\u00e1vel da C\u00e2mara. Na principal delas, o parlamentar defendeu a aprova\u00e7\u00e3o do parecer dele no projeto de lei 3.060\/2011, que disciplina o receitu\u00e1rio agron\u00f4mico, estabelecendo, [&hellip;]<\/p>\n","protected":false},"author":3,"featured_media":28491,"comment_status":"closed","ping_status":"closed","sticky":false,"template":"","format":"standard","meta":{"footnotes":""},"categories":[6],"tags":[],"class_list":{"0":"post-33017","1":"post","2":"type-post","3":"status-publish","4":"format-standard","5":"has-post-thumbnail","7":"category-politica"},"_links":{"self":[{"href":"https:\/\/senoticias.com.br\/se\/wp-json\/wp\/v2\/posts\/33017"}],"collection":[{"href":"https:\/\/senoticias.com.br\/se\/wp-json\/wp\/v2\/posts"}],"about":[{"href":"https:\/\/senoticias.com.br\/se\/wp-json\/wp\/v2\/types\/post"}],"author":[{"embeddable":true,"href":"https:\/\/senoticias.com.br\/se\/wp-json\/wp\/v2\/users\/3"}],"replies":[{"embeddable":true,"href":"https:\/\/senoticias.com.br\/se\/wp-json\/wp\/v2\/comments?post=33017"}],"version-history":[{"count":0,"href":"https:\/\/senoticias.com.br\/se\/wp-json\/wp\/v2\/posts\/33017\/revisions"}],"wp:featuredmedia":[{"embeddable":true,"href":"https:\/\/senoticias.com.br\/se\/wp-json\/wp\/v2\/media\/28491"}],"wp:attachment":[{"href":"https:\/\/senoticias.com.br\/se\/wp-json\/wp\/v2\/media?parent=33017"}],"wp:term":[{"taxonomy":"category","embeddable":true,"href":"https:\/\/senoticias.com.br\/se\/wp-json\/wp\/v2\/categories?post=33017"},{"taxonomy":"post_tag","embeddable":true,"href":"https:\/\/senoticias.com.br\/se\/wp-json\/wp\/v2\/tags?post=33017"}],"curies":[{"name":"wp","href":"https:\/\/api.w.org\/{rel}","templated":true}]}}