{"id":33000,"date":"2012-05-23T14:35:24","date_gmt":"2012-05-23T17:35:24","guid":{"rendered":"http:\/\/senoticias.com.br\/se\/?p=33000"},"modified":"2012-05-23T14:36:20","modified_gmt":"2012-05-23T17:36:20","slug":"a-reitoria-do-instituto-federal-de-sergipe-ifs-ja-esta-entregando-as-primeiras-obras-previstas-para-2012-a-comunidade-academica-atraves-da-sua-diretoria-de-planejamento-de-obras-e-projetos-dipop","status":"publish","type":"post","link":"https:\/\/senoticias.com.br\/se\/a-reitoria-do-instituto-federal-de-sergipe-ifs-ja-esta-entregando-as-primeiras-obras-previstas-para-2012-a-comunidade-academica-atraves-da-sua-diretoria-de-planejamento-de-obras-e-projetos-dipop\/","title":{"rendered":"Reitoria do IFS entrega primeiras obras de 2012"},"content":{"rendered":"<p>&nbsp;<\/p>\n<div id=\"attachment_33013\" style=\"width: 310px\" class=\"wp-caption alignleft\"><a href=\"http:\/\/senoticias.com.br\/se\/wp-content\/uploads\/2012\/05\/Obras-do-Campus-Gl%C3%B3ria-devem-ser-finalizadas-em-breve.jpg\"><img loading=\"lazy\" decoding=\"async\" aria-describedby=\"caption-attachment-33013\" class=\"size-medium wp-image-33013\" title=\"Obras do Campus Gl\u00f3ria devem ser finalizadas em breve\" src=\"http:\/\/senoticias.com.br\/se\/wp-content\/uploads\/2012\/05\/Obras-do-Campus-Gl%C3%B3ria-devem-ser-finalizadas-em-breve-300x225.jpg\" alt=\"\" width=\"300\" height=\"225\" \/><\/a><p id=\"caption-attachment-33013\" class=\"wp-caption-text\">Canteiro de obras no Campus Gl\u00f3ria. (Ascom\/IFS)<\/p><\/div>\n<p style=\"text-align: justify;\">A Reitoria do Instituto Federal de Sergipe (IFS) j\u00e1 est\u00e1 entregando as primeiras obras previstas para 2012 \u00e0 comunidade acad\u00eamica, atrav\u00e9s da sua Diretoria de Planejamento de Obras e Projetos (Dipop). Al\u00e9m de planejar, o referido \u00f3rg\u00e3o \u00e9 respons\u00e1vel por realizar atividades de projeto e execu\u00e7\u00e3o de obras, mediante o Departamento de Obras e Projetos (Deop).<\/p>\n<p style=\"text-align: justify;\">Seguindo o cronograma estabelecido para o bi\u00eanio 2012\/2013, j\u00e1 foram conclu\u00eddas as obras de reforma dos telhados e dos laborat\u00f3rios de Qu\u00edmica no Campus Aracaju, a serem inaugurados em breve, al\u00e9m da reforma do pr\u00e9dio provis\u00f3rio do Campus Est\u00e2ncia, entregue \u00e0 comunidade no dia 28 de abril. Est\u00e3o em fase de constru\u00e7\u00e3o as coberturas para \u00f4nibus nos campi Aracaju e Lagarto, estudos de sondagem de terreno para permitir a constru\u00e7\u00e3o de novos edif\u00edcios no Campus S\u00e3o Crist\u00f3v\u00e3o e as obras para instala\u00e7\u00e3o do Campus Gl\u00f3ria, esta j\u00e1 em fase de finaliza\u00e7\u00e3o.<\/p>\n<p style=\"text-align: justify;\">Concomitante \u00e0 execu\u00e7\u00e3o e entrega das primeiras obras previstas para este ano, a Dipop trabalha constantemente com a elabora\u00e7\u00e3o de projetos. Foi contratada uma empresa pelo IFS que vem desenvolvendo, sob orienta\u00e7\u00e3o da diretoria, uma s\u00e9rie de projetos. \u0093As prioridades nos trabalhos s\u00e3o os projetos de novos alojamentos para estudantes, blocos de did\u00e1tica e laborat\u00f3rios no Campus S\u00e3o Crist\u00f3v\u00e3o; estudo para pavimenta\u00e7\u00e3o no Campus Gl\u00f3ria; servi\u00e7os de infraestrutura para retomada do Campus Itabaiana; e projetos para expans\u00e3o do Campus Est\u00e2ncia\u0094, afirma o reitor do IFS, professor Ailton Ribeiro de Oliveira.<\/p>\n<p style=\"text-align: justify;\">Planejamento<\/p>\n<p style=\"text-align: justify;\">No quesito planejamento, destacam-se as visitas habituais da equipe do Deop \u00e0s instala\u00e7\u00f5es do Campus Aracaju, a fim de quantificar a infraestrutura necess\u00e1ria para o remanejamento de pessoal. \u0093Esse \u00e9 um procedimento de grande import\u00e2ncia para se iniciar as obras de reforma da Reitoria e Campus Aracaju. Al\u00e9m disso, estamos providenciando as a\u00e7\u00f5es necess\u00e1rias para a licita\u00e7\u00e3o e a consequente retomada das obras nos campi Est\u00e2ncia e Itabaiana\u0094, conta o professor Pablo Sousa, diretor de Planejamento de Obras e Projetos.<\/p>\n<p style=\"text-align: justify;\">Segundo Pablo, \u00e9 importante que tanto os membros das comunidades interna e externa compreendam que as obras de engenharia envolvem consider\u00e1vel complexidade. \u0093Esse trabalho requer que variadas informa\u00e7\u00f5es sejam reunidas, a fim de se evitar contratempos ou falhas no decorrer do empreendimento. Geralmente, apenas a fase de execu\u00e7\u00e3o da obra \u00e9 notada pela comunidade, todavia, existe sempre a etapa do projeto, procedimento fundamental para o \u00eaxito da obra\u0094, explica Pablo.<\/p>\n<p style=\"text-align: justify;\">O reitor ressaltar que a Dipop e o Deop v\u00eam trabalhando para que o crescimento do IFS se concretize. \u0093Estamos trabalhando para que isso aconte\u00e7a dentro do prazo desejado, com infraestrutura e qualidade apropriadas, garantindo, dessa forma, o desenvolvimento do nosso instituto\u0094, declara o professor Ailton.<\/p>\n<p style=\"text-align: justify;\"><span style=\"color: #333333;\"><strong>Coordena\u00e7\u00e3o de Comunica\u00e7\u00e3o Social e Eventos (CCOM)<\/strong><\/span><br \/>\n<span style=\"color: #333333;\"><strong>Instituto Federal de Sergipe (IFS)<\/strong><\/span><\/p>\n","protected":false},"excerpt":{"rendered":"<p>&nbsp; A Reitoria do Instituto Federal de Sergipe (IFS) j\u00e1 est\u00e1 entregando as primeiras obras previstas para 2012 \u00e0 comunidade acad\u00eamica, atrav\u00e9s da sua Diretoria de Planejamento de Obras e Projetos (Dipop). Al\u00e9m de planejar, o referido \u00f3rg\u00e3o \u00e9 respons\u00e1vel por realizar atividades de projeto e execu\u00e7\u00e3o de obras, mediante o Departamento de Obras e [&hellip;]<\/p>\n","protected":false},"author":3,"featured_media":33013,"comment_status":"closed","ping_status":"closed","sticky":false,"template":"","format":"standard","meta":{"footnotes":""},"categories":[44,26],"tags":[],"class_list":{"0":"post-33000","1":"post","2":"type-post","3":"status-publish","4":"format-standard","5":"has-post-thumbnail","7":"category-educacao","8":"category-esportes"},"_links":{"self":[{"href":"https:\/\/senoticias.com.br\/se\/wp-json\/wp\/v2\/posts\/33000"}],"collection":[{"href":"https:\/\/senoticias.com.br\/se\/wp-json\/wp\/v2\/posts"}],"about":[{"href":"https:\/\/senoticias.com.br\/se\/wp-json\/wp\/v2\/types\/post"}],"author":[{"embeddable":true,"href":"https:\/\/senoticias.com.br\/se\/wp-json\/wp\/v2\/users\/3"}],"replies":[{"embeddable":true,"href":"https:\/\/senoticias.com.br\/se\/wp-json\/wp\/v2\/comments?post=33000"}],"version-history":[{"count":0,"href":"https:\/\/senoticias.com.br\/se\/wp-json\/wp\/v2\/posts\/33000\/revisions"}],"wp:featuredmedia":[{"embeddable":true,"href":"https:\/\/senoticias.com.br\/se\/wp-json\/wp\/v2\/media\/33013"}],"wp:attachment":[{"href":"https:\/\/senoticias.com.br\/se\/wp-json\/wp\/v2\/media?parent=33000"}],"wp:term":[{"taxonomy":"category","embeddable":true,"href":"https:\/\/senoticias.com.br\/se\/wp-json\/wp\/v2\/categories?post=33000"},{"taxonomy":"post_tag","embeddable":true,"href":"https:\/\/senoticias.com.br\/se\/wp-json\/wp\/v2\/tags?post=33000"}],"curies":[{"name":"wp","href":"https:\/\/api.w.org\/{rel}","templated":true}]}}