{"id":32987,"date":"2012-05-23T06:25:15","date_gmt":"2012-05-23T09:25:15","guid":{"rendered":"http:\/\/senoticias.com.br\/se\/?p=32987"},"modified":"2012-05-23T21:03:30","modified_gmt":"2012-05-24T00:03:30","slug":"supremo-decide-divulgar-nomes-e-salarios-de-ministros-e-servidores","status":"publish","type":"post","link":"https:\/\/senoticias.com.br\/se\/supremo-decide-divulgar-nomes-e-salarios-de-ministros-e-servidores\/","title":{"rendered":"Supremo decide divulgar nomes e sal\u00e1rios de ministros e servidores"},"content":{"rendered":"<p style=\"text-align: justify;\"><a href=\"http:\/\/senoticias.com.br\/se\/wp-content\/uploads\/2012\/04\/cotasfinal3001.jpg\"><img loading=\"lazy\" decoding=\"async\" class=\"alignleft size-full wp-image-30962\" title=\"\" src=\"http:\/\/senoticias.com.br\/se\/wp-content\/uploads\/2012\/04\/cotasfinal3001.jpg\" alt=\"\" width=\"300\" height=\"199\" \/><\/a>Supremo decide divulgar nomes e sal\u00e1rios de ministros e servidoresO Supremo Tribunal Federal (STF) decidiu nesta ter\u00e7a-feira (22\/5) que ir\u00e1 divulgar, nominalmente, sal\u00e1rios e vantagens recebidos pelos ministros e os servidores da Corte. Un\u00e2nime, a decis\u00e3o foi tomada em reuni\u00e3o administrativa para atender \u00e0 Lei de Acesso \u00e0 Informa\u00e7\u00e3o, que entrou em vigor na \u00faltima quarta-feira (16\/5).<\/p>\n<p style=\"text-align: justify;\">Os ministros decidiram abrir todas as informa\u00e7\u00f5es sobre a folha de pagamento do Tribunal para manter a coer\u00eancia com uma decis\u00e3o tomada pela Corte em um julgamento ocorrido em 2009. Na \u00e9poca, eles decidiram divulgar o sal\u00e1rio e os nomes dos servidores municipais de S\u00e3o Paulo, mantendo sigilo apenas em rela\u00e7\u00e3o ao endere\u00e7o.<\/p>\n<p style=\"text-align: justify;\">A decis\u00e3o sobre S\u00e3o Paulo \u00e9 provis\u00f3ria e pode ser revista a qualquer momento, mas, enquanto isso, os ministros optaram por manter a mesma solu\u00e7\u00e3o para a Suprema Corte. Eles tamb\u00e9m consideraram que a divulga\u00e7\u00e3o ter\u00e1 \u201ccoer\u00eancia pol\u00edtica\u201d com o modelo adotado no Executivo, que decidiu divulgar as folhas de pagamento de seus servidores sem cortes.<\/p>\n<p style=\"text-align: justify;\">Quando o assunto foi trazido \u00e0 reuni\u00e3o, os ministros Ricardo Lewandowski e Celso de Mello se mostraram apreensivos com a divulga\u00e7\u00e3o integral dos dados, pois, segundo eles, isso poderia colocar a seguran\u00e7a dos servidores em risco. Eles chegaram a propor que os vencimentos publicados fossem associados apenas \u00e0s matr\u00edculas, com a possibilidade de obter os nomes a partir de requisi\u00e7\u00e3o dirigida \u00e0 secretaria do STF. Ambos, no entanto, aderiram \u00e0 maioria quando o placar a favor da libera\u00e7\u00e3o total de dados se formou.<\/p>\n<p style=\"text-align: justify;\"><span style=\"color: #666699;\"><em><strong>Ag\u00eancia Brasil<\/strong><\/em><\/span><\/p>\n","protected":false},"excerpt":{"rendered":"<p>Supremo decide divulgar nomes e sal\u00e1rios de ministros e servidoresO Supremo Tribunal Federal (STF) decidiu nesta ter\u00e7a-feira (22\/5) que ir\u00e1 divulgar, nominalmente, sal\u00e1rios e vantagens recebidos pelos ministros e os servidores da Corte. Un\u00e2nime, a decis\u00e3o foi tomada em reuni\u00e3o administrativa para atender \u00e0 Lei de Acesso \u00e0 Informa\u00e7\u00e3o, que entrou em vigor na \u00faltima [&hellip;]<\/p>\n","protected":false},"author":2,"featured_media":30962,"comment_status":"closed","ping_status":"closed","sticky":false,"template":"","format":"standard","meta":{"footnotes":""},"categories":[6],"tags":[],"class_list":{"0":"post-32987","1":"post","2":"type-post","3":"status-publish","4":"format-standard","5":"has-post-thumbnail","7":"category-politica"},"_links":{"self":[{"href":"https:\/\/senoticias.com.br\/se\/wp-json\/wp\/v2\/posts\/32987"}],"collection":[{"href":"https:\/\/senoticias.com.br\/se\/wp-json\/wp\/v2\/posts"}],"about":[{"href":"https:\/\/senoticias.com.br\/se\/wp-json\/wp\/v2\/types\/post"}],"author":[{"embeddable":true,"href":"https:\/\/senoticias.com.br\/se\/wp-json\/wp\/v2\/users\/2"}],"replies":[{"embeddable":true,"href":"https:\/\/senoticias.com.br\/se\/wp-json\/wp\/v2\/comments?post=32987"}],"version-history":[{"count":0,"href":"https:\/\/senoticias.com.br\/se\/wp-json\/wp\/v2\/posts\/32987\/revisions"}],"wp:featuredmedia":[{"embeddable":true,"href":"https:\/\/senoticias.com.br\/se\/wp-json\/wp\/v2\/media\/30962"}],"wp:attachment":[{"href":"https:\/\/senoticias.com.br\/se\/wp-json\/wp\/v2\/media?parent=32987"}],"wp:term":[{"taxonomy":"category","embeddable":true,"href":"https:\/\/senoticias.com.br\/se\/wp-json\/wp\/v2\/categories?post=32987"},{"taxonomy":"post_tag","embeddable":true,"href":"https:\/\/senoticias.com.br\/se\/wp-json\/wp\/v2\/tags?post=32987"}],"curies":[{"name":"wp","href":"https:\/\/api.w.org\/{rel}","templated":true}]}}