{"id":32965,"date":"2012-05-22T23:12:59","date_gmt":"2012-05-23T02:12:59","guid":{"rendered":"http:\/\/senoticias.com.br\/se\/?p=32965"},"modified":"2012-05-23T17:33:15","modified_gmt":"2012-05-23T20:33:15","slug":"professores-da-rede-estadual-ocupam-sede-da-seplag","status":"publish","type":"post","link":"https:\/\/senoticias.com.br\/se\/professores-da-rede-estadual-ocupam-sede-da-seplag\/","title":{"rendered":"Professores da rede estadual ocupam sede da SEPLAG"},"content":{"rendered":"<p>&nbsp;<\/p>\n<div id=\"attachment_32966\" style=\"width: 310px\" class=\"wp-caption alignleft\"><a href=\"http:\/\/senoticias.com.br\/se\/wp-content\/uploads\/2012\/05\/090.jpg\"><img loading=\"lazy\" decoding=\"async\" aria-describedby=\"caption-attachment-32966\" class=\"size-medium wp-image-32966\" title=\"090\" src=\"http:\/\/senoticias.com.br\/se\/wp-content\/uploads\/2012\/05\/090-300x225.jpg\" alt=\"\" width=\"300\" height=\"225\" srcset=\"https:\/\/senoticias.com.br\/se\/wp-content\/uploads\/2012\/05\/090-300x225.jpg 300w, https:\/\/senoticias.com.br\/se\/wp-content\/uploads\/2012\/05\/090-60x45.jpg 60w, https:\/\/senoticias.com.br\/se\/wp-content\/uploads\/2012\/05\/090-150x113.jpg 150w, https:\/\/senoticias.com.br\/se\/wp-content\/uploads\/2012\/05\/090-269x201.jpg 269w, https:\/\/senoticias.com.br\/se\/wp-content\/uploads\/2012\/05\/090.jpg 320w\" sizes=\"(max-width: 300px) 100vw, 300px\" \/><\/a><p id=\"caption-attachment-32966\" class=\"wp-caption-text\">Os professores  ocuparam nesta quarta-feira, 22, a sede da Secretaria de Planejamento, Or\u00e7amento e Gest\u00e3o. Reprodu\u00e7\u00e3o<\/p><\/div>\n<p style=\"text-align: justify;\">Ap\u00f3s a assembleia que deliberou a continuidade do movimento grevista iniciado no dia 16 de abril, os professores sa\u00edram em caminhada e ocuparam no meio da manh\u00e3 desta quarta-feira, 22, a sede da Secretaria de Planejamento, Or\u00e7amento e Gest\u00e3o. O magist\u00e9rio aguarda que o governo apresente uma proposta para a constru\u00e7\u00e3o do reajuste do piso de 22,22% previsto na lei federal. Os educadores pretendem pernoitar no pr\u00e9dio.<\/p>\n<p style=\"text-align: justify;\">O secret\u00e1rio Oliveira Jr. recebeu membros da dire\u00e7\u00e3o do SINTESE e voltou a repetir o discurso do governador de que o Estado n\u00e3o tem recursos financeiros para bancar o reajuste do piso em toda a carreira, tampouco apresentou alternativas para a negocia\u00e7\u00e3o de um patamar de reajuste. O sindicato voltou a argumentar que o governo j\u00e1 est\u00e1 fazendo um aporte de recursos na ordem de 12% em m\u00e9dia para pagar as parcelas do retroativo referente ao reajuste do piso em 2011. \u201cNossa inten\u00e7\u00e3o \u00e9 dialogar para construirmos uma forma de reajuste, n\u00e3o admitimos perder um direito garantido por lei federal por falta de iniciativa do governo em buscar solu\u00e7\u00f5es\u201d, aponta a presidenta do SINTESE, \u00c2ngela Melo.<\/p>\n<p style=\"text-align: justify;\">A reuni\u00e3o tamb\u00e9m contou com a presen\u00e7a da deputada Ana L\u00facia que ponderou a atitude do governo em aumentar a tens\u00e3o na categoria ao silenciar em rela\u00e7\u00e3o a proposta de reajuste do piso. O secret\u00e1rio de Planejamento, Or\u00e7amento e Gest\u00e3o se comprometeu a agendar uma audi\u00eancia com Jo\u00e3o Andrade, secret\u00e1rio da Fazenda para que ele possa junto com o sindicato discutir a situa\u00e7\u00e3o financeira do Estado e buscar alternativas para o reajuste do piso.<\/p>\n<p style=\"text-align: justify;\">A comiss\u00e3o de negocia\u00e7\u00e3o do SINTESE ter\u00e1 audi\u00eancia com secret\u00e1rio da fazenda Jo\u00e3o Andrade a partir das 11h amanh\u00e3 (23\/05). Esperamos que o Governo D\u00e9da j\u00e1 tenha uma proposta concreta para o pagamento do piso de 22,22% para todos os professores.<\/p>\n<p style=\"text-align: justify;\">Site do SINTESE<\/p>\n","protected":false},"excerpt":{"rendered":"<p>&nbsp; Ap\u00f3s a assembleia que deliberou a continuidade do movimento grevista iniciado no dia 16 de abril, os professores sa\u00edram em caminhada e ocuparam no meio da manh\u00e3 desta quarta-feira, 22, a sede da Secretaria de Planejamento, Or\u00e7amento e Gest\u00e3o. O magist\u00e9rio aguarda que o governo apresente uma proposta para a constru\u00e7\u00e3o do reajuste do [&hellip;]<\/p>\n","protected":false},"author":3,"featured_media":32966,"comment_status":"closed","ping_status":"closed","sticky":false,"template":"","format":"standard","meta":{"footnotes":""},"categories":[44,26],"tags":[],"class_list":{"0":"post-32965","1":"post","2":"type-post","3":"status-publish","4":"format-standard","5":"has-post-thumbnail","7":"category-educacao","8":"category-esportes"},"_links":{"self":[{"href":"https:\/\/senoticias.com.br\/se\/wp-json\/wp\/v2\/posts\/32965"}],"collection":[{"href":"https:\/\/senoticias.com.br\/se\/wp-json\/wp\/v2\/posts"}],"about":[{"href":"https:\/\/senoticias.com.br\/se\/wp-json\/wp\/v2\/types\/post"}],"author":[{"embeddable":true,"href":"https:\/\/senoticias.com.br\/se\/wp-json\/wp\/v2\/users\/3"}],"replies":[{"embeddable":true,"href":"https:\/\/senoticias.com.br\/se\/wp-json\/wp\/v2\/comments?post=32965"}],"version-history":[{"count":0,"href":"https:\/\/senoticias.com.br\/se\/wp-json\/wp\/v2\/posts\/32965\/revisions"}],"wp:featuredmedia":[{"embeddable":true,"href":"https:\/\/senoticias.com.br\/se\/wp-json\/wp\/v2\/media\/32966"}],"wp:attachment":[{"href":"https:\/\/senoticias.com.br\/se\/wp-json\/wp\/v2\/media?parent=32965"}],"wp:term":[{"taxonomy":"category","embeddable":true,"href":"https:\/\/senoticias.com.br\/se\/wp-json\/wp\/v2\/categories?post=32965"},{"taxonomy":"post_tag","embeddable":true,"href":"https:\/\/senoticias.com.br\/se\/wp-json\/wp\/v2\/tags?post=32965"}],"curies":[{"name":"wp","href":"https:\/\/api.w.org\/{rel}","templated":true}]}}