{"id":32958,"date":"2012-05-22T22:53:08","date_gmt":"2012-05-23T01:53:08","guid":{"rendered":"http:\/\/senoticias.com.br\/se\/?p=32958"},"modified":"2012-05-23T17:05:44","modified_gmt":"2012-05-23T20:05:44","slug":"policiais-do-cisp-da-barra-prendem-homem-que-estuprou-quatro-criancas","status":"publish","type":"post","link":"https:\/\/senoticias.com.br\/se\/policiais-do-cisp-da-barra-prendem-homem-que-estuprou-quatro-criancas\/","title":{"rendered":"Policiais do Cisp da Barra prendem homem que estuprou quatro crian\u00e7as"},"content":{"rendered":"<p style=\"text-align: justify;\"><a href=\"http:\/\/senoticias.com.br\/se\/wp-content\/uploads\/2012\/05\/images-stories-NOVAS_FOTOS_NOTICIAS-Maio-22-cispbarraallandecarvalho-220x149.jpg\"><img loading=\"lazy\" decoding=\"async\" class=\"alignleft size-full wp-image-32959\" title=\"\" src=\"http:\/\/senoticias.com.br\/se\/wp-content\/uploads\/2012\/05\/images-stories-NOVAS_FOTOS_NOTICIAS-Maio-22-cispbarraallandecarvalho-220x149.jpg\" alt=\"\" width=\"220\" height=\"149\" \/><\/a>Foi preso por policiais militares do Centro Integrado em Seguran\u00e7a P\u00fablica (Cisp) da Barra dos Coqueiros por volta das 13h desta ter\u00e7a-feira, 22, um homem acusado de estuprar quatro crian\u00e7as entre 4 e 9 anos de idade. Cosme da Concei\u00e7\u00e3o de Jesus, 39 anos, foi preso em flagrante no conjunto Marivan logo ap\u00f3s a m\u00e3e de um menino de quatro anos chegar em em casa e encontrar o filho sem cueca e o suspeito do crime dentro do quarto da fam\u00edlia.<\/p>\n<p style=\"text-align: justify;\">De acordo com o delegado Jo\u00e3o Martins, a m\u00e3e vestiu imediatamente a crian\u00e7a e sem falar nada a Cosme, que \u00e9 amigo da fam\u00edlia, se dirigiu ao CISP. Ap\u00f3s m\u00e3e e filho relatar o ocorrido, policiais militares foram a casa da v\u00edtima e prenderam o acusado em flagrante. Ap\u00f3s ser interrogado, Cosme confessou o crime e narrou que esta n\u00e3o foi a primeira vez que estuprou o menino.<\/p>\n<p style=\"text-align: justify;\">Ele tamb\u00e9m relatou que manteve rela\u00e7\u00f5es sexuais com um garoto de 9 anos de idade h\u00e1 alguns dias. O delegado relatou que o menino \u00e9 parente do acusado. \u201cPercebendo que descobrir\u00edamos todos os crimes que ele praticou, Cosme ainda revelou que pagava a dois meninos da cidade para ter rela\u00e7\u00f5es sexuais com ele\u201d, explicou o delegado.<\/p>\n<p style=\"text-align: justify;\">Cosme ser\u00e1 indiciado por estupro de vulner\u00e1vel e um inqu\u00e9rito policial ser\u00e1 aberto para encontrar os demais meninos que foram molestados. \u201cAt\u00e9 o momento, temos a certeza de quatro crian\u00e7as v\u00edtimas, mas no decorrer do inqu\u00e9rito n\u00e3o descartamos o aparecimento de mais v\u00edtimas\u201d, disse.<\/p>\n<p style=\"text-align: justify;\">Em rela\u00e7\u00e3o ao menino de quatro anos abusado nesta quarta-feira, algumas medidas emerg\u00eancias foram adotadas, tais como solicitar um exame de corpo de delito no Instituto M\u00e9dico Legal (IML) e encaminh\u00e1-la para tratamento de sa\u00fade. Cosme encontra-se preso \u00e0 disposi\u00e7\u00e3o da Justi\u00e7a.<\/p>\n<p style=\"text-align: justify;\">SSP\/SE<\/p>\n","protected":false},"excerpt":{"rendered":"<p>Foi preso por policiais militares do Centro Integrado em Seguran\u00e7a P\u00fablica (Cisp) da Barra dos Coqueiros por volta das 13h desta ter\u00e7a-feira, 22, um homem acusado de estuprar quatro crian\u00e7as entre 4 e 9 anos de idade. Cosme da Concei\u00e7\u00e3o de Jesus, 39 anos, foi preso em flagrante no conjunto Marivan logo ap\u00f3s a m\u00e3e [&hellip;]<\/p>\n","protected":false},"author":3,"featured_media":32959,"comment_status":"closed","ping_status":"closed","sticky":false,"template":"","format":"standard","meta":{"footnotes":""},"categories":[7],"tags":[],"class_list":{"0":"post-32958","1":"post","2":"type-post","3":"status-publish","4":"format-standard","5":"has-post-thumbnail","7":"category-policia"},"_links":{"self":[{"href":"https:\/\/senoticias.com.br\/se\/wp-json\/wp\/v2\/posts\/32958"}],"collection":[{"href":"https:\/\/senoticias.com.br\/se\/wp-json\/wp\/v2\/posts"}],"about":[{"href":"https:\/\/senoticias.com.br\/se\/wp-json\/wp\/v2\/types\/post"}],"author":[{"embeddable":true,"href":"https:\/\/senoticias.com.br\/se\/wp-json\/wp\/v2\/users\/3"}],"replies":[{"embeddable":true,"href":"https:\/\/senoticias.com.br\/se\/wp-json\/wp\/v2\/comments?post=32958"}],"version-history":[{"count":0,"href":"https:\/\/senoticias.com.br\/se\/wp-json\/wp\/v2\/posts\/32958\/revisions"}],"wp:featuredmedia":[{"embeddable":true,"href":"https:\/\/senoticias.com.br\/se\/wp-json\/wp\/v2\/media\/32959"}],"wp:attachment":[{"href":"https:\/\/senoticias.com.br\/se\/wp-json\/wp\/v2\/media?parent=32958"}],"wp:term":[{"taxonomy":"category","embeddable":true,"href":"https:\/\/senoticias.com.br\/se\/wp-json\/wp\/v2\/categories?post=32958"},{"taxonomy":"post_tag","embeddable":true,"href":"https:\/\/senoticias.com.br\/se\/wp-json\/wp\/v2\/tags?post=32958"}],"curies":[{"name":"wp","href":"https:\/\/api.w.org\/{rel}","templated":true}]}}