{"id":32952,"date":"2012-05-22T21:22:35","date_gmt":"2012-05-23T00:22:35","guid":{"rendered":"http:\/\/senoticias.com.br\/se\/?p=32952"},"modified":"2012-05-23T06:56:38","modified_gmt":"2012-05-23T09:56:38","slug":"sukita-sobre-cache-de-michel-telo-%e2%80%9cse-custar-meio-milhao-ou-perto-disso-eu-renuncio-meu-futuro-politico%e2%80%9d","status":"publish","type":"post","link":"https:\/\/senoticias.com.br\/se\/sukita-sobre-cache-de-michel-telo-%e2%80%9cse-custar-meio-milhao-ou-perto-disso-eu-renuncio-meu-futuro-politico%e2%80%9d\/","title":{"rendered":"Sukita sobre cach\u00ea de Michel Tel\u00f3: \u201cSe custar meio milh\u00e3o ou perto disso eu renuncio meu futuro pol\u00edtico\u201d"},"content":{"rendered":"<p>&nbsp;<\/p>\n<div id=\"attachment_8824\" style=\"width: 226px\" class=\"wp-caption alignleft\"><a href=\"http:\/\/senoticias.com.br\/se\/wp-content\/uploads\/2011\/06\/Sukita.jpg\"><img loading=\"lazy\" decoding=\"async\" aria-describedby=\"caption-attachment-8824\" class=\"size-full wp-image-8824\" title=\"Sukita\" src=\"http:\/\/senoticias.com.br\/se\/wp-content\/uploads\/2011\/06\/Sukita.jpg\" alt=\"\" width=\"216\" height=\"152\" \/><\/a><p id=\"caption-attachment-8824\" class=\"wp-caption-text\">O prefeito de Capela, Manoel Messias Sukita Santos (PSB). Reprodu\u00e7\u00e3o<\/p><\/div>\n<p style=\"text-align: justify;\">O prefeito do munic\u00edpio de Capela, Sukita, participou nesta ter\u00e7a feira ,22, do programa Jornal da Tarde da Ilha FM\u00a0 para responder d\u00favidas de artistas sergipanos e da popula\u00e7\u00e3o sobre a poss\u00edvel contrata\u00e7\u00e3o do cantor nacional Michel Tel\u00f3 que est\u00e1 previsto para a programa\u00e7\u00e3o do S\u00e3o Pedro. Especula-se que o cach\u00ea do cantor esteja avaliado em meio milh\u00e3o de reais. Com participa\u00e7\u00e3o do presidente da CUT Professor Dudu, Sukita tamb\u00e9m teve que responder como ficaria a situa\u00e7\u00e3o dos professores de Capela que se encontram em greve. O presidente, questionado sobre o assunto dos festejos juninos disse que a educa\u00e7\u00e3o n\u00e3o \u00e9 prioridade da gest\u00e3o de Capela \u201cTodo governo estabelece prioridades. Se eu estou investindo uma fortuna dessas pra pagar um show eu estou investindo em festa, n\u00e3o em educa\u00e7\u00e3o, se fosse o contr\u00e1rio, pagaria o piso e estaria fazendo um investimento social muito bom na educa\u00e7\u00e3o. Quem n\u00e3o tem dinheiro pra pagar professor n\u00e3o faz show\u201d, criticou.<\/p>\n<p style=\"text-align: justify;\">Tamb\u00e9m com participa\u00e7\u00e3o dos forrozeiros Ca\u00e7ula do Forr\u00f3 e do\u00a0 presidente do movimento Salve, Tonico Saraiva, foi pedido explica\u00e7\u00f5es ao prefeito Sukita sobre a programa\u00e7\u00e3o dos festejos juninos do munic\u00edpio em rela\u00e7\u00e3o aos artistas locais. Em resposta \u00e0s manifesta\u00e7\u00f5es dos forrozeiros, o prefeito de Capela disse que 30% da programa\u00e7\u00e3o do S\u00e3o Pedro, est\u00e1 destinada aos artistas sergipanos e sobre a acusa\u00e7\u00e3o de n\u00e3o pagar o piso dos professores explicou &#8220;Lamento as pessoas que querem usar essa bandeira dos professores. O dinheiro dos professores \u00e9 do Fundeb, e cada gota de suor do Fundeb est\u00e1 sendo dada ao professor\u201d. Questionado sobre o real valor do cach\u00ea do artista nacional, Sukita disse que ainda n\u00e3o \u00e9 o momento de revelar porque o contrato ainda n\u00e3o foi firmado, mas garantiu que \u00e9 muito abaixo do que se diz. \u201cO cache n\u00e3o chega a meio milh\u00e3o nem quatrocentos mil como se propaga. O custo \u00e9 muito longe disso. Se custar meio milh\u00e3o ou perto disso eu renuncio meu futuro pol\u00edtico. N\u00e3o gostaria de expor porque qualquer valor acima de 20 mil reais \u00e9 muito dinheiro. Eu me comprometo at\u00e9 no mais tardar dia 16 revelar\u201d, garante.<\/p>\n<p style=\"text-align: justify;\">O Jornal da Tarde, questionou o prefeito como est\u00e1 sendo a participa\u00e7\u00e3o do Governo do Estado em rela\u00e7\u00e3o a patroc\u00ednio da festa e ficou sem resposta. Os forrozeiros Ca\u00e7ula do Forr\u00f3 e Tonico Saraiva fizeram duras cr\u00edticas em rela\u00e7\u00e3o a programa\u00e7\u00e3o do S\u00e3o Pedro de Capela e afirmaram ainda n\u00e3o saber se v\u00e3o tocar ou n\u00e3o. \u201cN\u00e3o somos contra o artista, somos contra n\u00e3o participar da programa\u00e7\u00e3o. \u00c9 t\u00e3o importante que nossos forrozeiros participem, a essa altura n\u00e3o sabemos ainda quem vai participar\u201d, disse Tonico Saraiva.<\/p>\n<p style=\"text-align: justify;\">O programa Jornal da Tarde apresentado pelo jornalista Paulo Sousa \u00e9 transmitido de segunda a sexta feira, das 17h \u00e0s 19h, pela R\u00e1dio Ilha FM.<\/p>\n<p style=\"text-align: justify;\">Com informa\u00e7\u00f5es do Jornal da Tarde<\/p>\n","protected":false},"excerpt":{"rendered":"<p>&nbsp; O prefeito do munic\u00edpio de Capela, Sukita, participou nesta ter\u00e7a feira ,22, do programa Jornal da Tarde da Ilha FM\u00a0 para responder d\u00favidas de artistas sergipanos e da popula\u00e7\u00e3o sobre a poss\u00edvel contrata\u00e7\u00e3o do cantor nacional Michel Tel\u00f3 que est\u00e1 previsto para a programa\u00e7\u00e3o do S\u00e3o Pedro. Especula-se que o cach\u00ea do cantor esteja [&hellip;]<\/p>\n","protected":false},"author":3,"featured_media":8824,"comment_status":"closed","ping_status":"closed","sticky":false,"template":"","format":"standard","meta":{"footnotes":""},"categories":[160,6],"tags":[],"class_list":{"0":"post-32952","1":"post","2":"type-post","3":"status-publish","4":"format-standard","5":"has-post-thumbnail","7":"category-festas-juninas","8":"category-politica"},"_links":{"self":[{"href":"https:\/\/senoticias.com.br\/se\/wp-json\/wp\/v2\/posts\/32952"}],"collection":[{"href":"https:\/\/senoticias.com.br\/se\/wp-json\/wp\/v2\/posts"}],"about":[{"href":"https:\/\/senoticias.com.br\/se\/wp-json\/wp\/v2\/types\/post"}],"author":[{"embeddable":true,"href":"https:\/\/senoticias.com.br\/se\/wp-json\/wp\/v2\/users\/3"}],"replies":[{"embeddable":true,"href":"https:\/\/senoticias.com.br\/se\/wp-json\/wp\/v2\/comments?post=32952"}],"version-history":[{"count":0,"href":"https:\/\/senoticias.com.br\/se\/wp-json\/wp\/v2\/posts\/32952\/revisions"}],"wp:featuredmedia":[{"embeddable":true,"href":"https:\/\/senoticias.com.br\/se\/wp-json\/wp\/v2\/media\/8824"}],"wp:attachment":[{"href":"https:\/\/senoticias.com.br\/se\/wp-json\/wp\/v2\/media?parent=32952"}],"wp:term":[{"taxonomy":"category","embeddable":true,"href":"https:\/\/senoticias.com.br\/se\/wp-json\/wp\/v2\/categories?post=32952"},{"taxonomy":"post_tag","embeddable":true,"href":"https:\/\/senoticias.com.br\/se\/wp-json\/wp\/v2\/tags?post=32952"}],"curies":[{"name":"wp","href":"https:\/\/api.w.org\/{rel}","templated":true}]}}