{"id":32946,"date":"2012-05-22T19:39:45","date_gmt":"2012-05-22T22:39:45","guid":{"rendered":"http:\/\/senoticias.com.br\/se\/?p=32946"},"modified":"2012-05-22T19:44:02","modified_gmt":"2012-05-22T22:44:02","slug":"barao-do-crack-e-preso-pela-policia-federal-em-sergipe","status":"publish","type":"post","link":"https:\/\/senoticias.com.br\/se\/barao-do-crack-e-preso-pela-policia-federal-em-sergipe\/","title":{"rendered":"Bar\u00e3o do Crack \u00e9 preso pela Pol\u00edcia Federal de Sergipe"},"content":{"rendered":"<p style=\"text-align: justify;\">Na manh\u00e3 de ontem, 21, policiais federais do estado de Sergipe prenderam Jo\u00e3o Eduardo Monteiro, natural de S\u00e3o Jos\u00e9 da Laje\/AL, 36 anos, tamb\u00e9m conhecido no meio criminoso como \u201cBar\u00e3o do Crack\u201d.<\/p>\n<div id=\"attachment_32947\" style=\"width: 235px\" class=\"wp-caption alignleft\"><a href=\"http:\/\/senoticias.com.br\/se\/wp-content\/uploads\/2012\/05\/materia-drogas_bar%C3%A3o_do_craque_22052012.jpg\"><img loading=\"lazy\" decoding=\"async\" aria-describedby=\"caption-attachment-32947\" class=\"size-full wp-image-32947\" title=\"materia-drogas_bar\u00e3o_do_craque_22052012\" src=\"http:\/\/senoticias.com.br\/se\/wp-content\/uploads\/2012\/05\/materia-drogas_bar%C3%A3o_do_craque_22052012.jpg\" alt=\"\" width=\"225\" height=\"169\" \/><\/a><p id=\"caption-attachment-32947\" class=\"wp-caption-text\">Bar\u00e3o do Crack \u00e9 preso pela Pol\u00edcia Federal em Sergipe.(Foto: Ascom SR\/SE)<\/p><\/div>\n<p style=\"text-align: justify;\">As investiga\u00e7\u00f5es deram in\u00edcio em dezembro de 2009, quando policiais federais apreenderam na BR 101 na altura do munic\u00edpio de Malhada dos Bois\/SE, cerca de nove quilos de crack, os quais estavam escondidos em um forno micro-ondas que foi despachado como carga e eram transportados por meio de \u00f4nibus interestadual proveniente do estado de S\u00e3o Paulo.<\/p>\n<p style=\"text-align: justify;\">J\u00e1 em abril de 2010, novamente a pol\u00edcia federal apreendeu mais de 12 quilos de crack no munic\u00edpio de Japaratuba\/SE, tamb\u00e9m com ind\u00edcios de que tal entorpecente pertencia ao suspeito. Nessa oportunidade a droga estava sendo transportada oculta no interior do tanque de combust\u00edvel de um autom\u00f3vel Ford\/Fiesta, o qual fora despachado na cidade de S\u00e3o Paulo por meio de caminh\u00e3o cegonha.<\/p>\n<p style=\"text-align: justify;\">Com as citadas apreens\u00f5es foram abertos dois inqu\u00e9ritos policiais a fim de apurar a autoria da remessa de entorpecente interceptado pela Pol\u00edcia Federal de Sergipe, sendo que, ap\u00f3s as dilig\u00eancias necess\u00e1rias, chegou-se a comprova\u00e7\u00e3o sobre o real propriet\u00e1rio da droga, sendo expedido pelo Ju\u00edz da Comarca de Japaratuba\/SE, Dr. Rinaldo Salvindo do Nascimento, um mandado de pris\u00e3o tempor\u00e1ria em face do suspeito.<\/p>\n<p style=\"text-align: justify;\">Concluindo as buscas pelo \u201cBar\u00e3o do Crack\u201d, ap\u00f3s quase um ano de investiga\u00e7\u00f5es, Jo\u00e3o Eduardo Monteiro foi encontrado na manh\u00e3 de ontem em sua resid\u00eancia, localizada no centro da cidade de Xex\u00e9u\/PE, sendo o mesmo, preso sem apresentar resist\u00eancia. Na sua casa foram apreendidas v\u00e1rias bexigas de borracha, utilizadas para proteger a droga quando imersa em combust\u00edvel, tamb\u00e9m foram encontrados produtos qu\u00edmicos, dois computadores e anota\u00e7\u00f5es de vultosas quantias sobre a movimenta\u00e7\u00e3o do tr\u00e1fico de drogas.<\/p>\n<p style=\"text-align: justify;\">Ap\u00f3s a pris\u00e3o, o Jo\u00e3o foi encaminhado at\u00e9 a Superintend\u00eancia da Pol\u00edcia Federal em Sergipe, onde foi indiciado em dois inqu\u00e9ritos policiais pelos crimes de tr\u00e1fico interestadual de drogas nos artigos 33 e 40 V da lei 11.343\/2006). O preso foi encaminhado a Delegacia Plantonista e permanece \u00e0 disposi\u00e7\u00e3o do ju\u00edzo da comarca de Japaratuba\/SE.<\/p>\n<p style=\"text-align: justify;\">Ascom SR\/SE<\/p>\n","protected":false},"excerpt":{"rendered":"<p>Na manh\u00e3 de ontem, 21, policiais federais do estado de Sergipe prenderam Jo\u00e3o Eduardo Monteiro, natural de S\u00e3o Jos\u00e9 da Laje\/AL, 36 anos, tamb\u00e9m conhecido no meio criminoso como \u201cBar\u00e3o do Crack\u201d. As investiga\u00e7\u00f5es deram in\u00edcio em dezembro de 2009, quando policiais federais apreenderam na BR 101 na altura do munic\u00edpio de Malhada dos Bois\/SE, [&hellip;]<\/p>\n","protected":false},"author":3,"featured_media":32947,"comment_status":"closed","ping_status":"closed","sticky":false,"template":"","format":"standard","meta":{"footnotes":""},"categories":[7],"tags":[],"class_list":{"0":"post-32946","1":"post","2":"type-post","3":"status-publish","4":"format-standard","5":"has-post-thumbnail","7":"category-policia"},"_links":{"self":[{"href":"https:\/\/senoticias.com.br\/se\/wp-json\/wp\/v2\/posts\/32946"}],"collection":[{"href":"https:\/\/senoticias.com.br\/se\/wp-json\/wp\/v2\/posts"}],"about":[{"href":"https:\/\/senoticias.com.br\/se\/wp-json\/wp\/v2\/types\/post"}],"author":[{"embeddable":true,"href":"https:\/\/senoticias.com.br\/se\/wp-json\/wp\/v2\/users\/3"}],"replies":[{"embeddable":true,"href":"https:\/\/senoticias.com.br\/se\/wp-json\/wp\/v2\/comments?post=32946"}],"version-history":[{"count":0,"href":"https:\/\/senoticias.com.br\/se\/wp-json\/wp\/v2\/posts\/32946\/revisions"}],"wp:featuredmedia":[{"embeddable":true,"href":"https:\/\/senoticias.com.br\/se\/wp-json\/wp\/v2\/media\/32947"}],"wp:attachment":[{"href":"https:\/\/senoticias.com.br\/se\/wp-json\/wp\/v2\/media?parent=32946"}],"wp:term":[{"taxonomy":"category","embeddable":true,"href":"https:\/\/senoticias.com.br\/se\/wp-json\/wp\/v2\/categories?post=32946"},{"taxonomy":"post_tag","embeddable":true,"href":"https:\/\/senoticias.com.br\/se\/wp-json\/wp\/v2\/tags?post=32946"}],"curies":[{"name":"wp","href":"https:\/\/api.w.org\/{rel}","templated":true}]}}