{"id":32920,"date":"2012-05-23T11:19:37","date_gmt":"2012-05-23T14:19:37","guid":{"rendered":"http:\/\/senoticias.com.br\/se\/?p=32920"},"modified":"2012-05-24T16:32:53","modified_gmt":"2012-05-24T19:32:53","slug":"policia-apresenta-acusados-de-furto-de-gado-que-agiam-no-sertao","status":"publish","type":"post","link":"https:\/\/senoticias.com.br\/se\/policia-apresenta-acusados-de-furto-de-gado-que-agiam-no-sertao\/","title":{"rendered":"Pol\u00edcia apresenta acusados de furto de gado que agiam no sert\u00e3o"},"content":{"rendered":"<p style=\"text-align: justify;\"><a href=\"http:\/\/senoticias.com.br\/se\/wp-content\/uploads\/2012\/05\/presos.jpg\"><img loading=\"lazy\" decoding=\"async\" class=\"alignleft size-medium wp-image-33045\" title=\"presos\" src=\"http:\/\/senoticias.com.br\/se\/wp-content\/uploads\/2012\/05\/presos-300x169.jpg\" alt=\"\" width=\"300\" height=\"169\" srcset=\"https:\/\/senoticias.com.br\/se\/wp-content\/uploads\/2012\/05\/presos-300x169.jpg 300w, https:\/\/senoticias.com.br\/se\/wp-content\/uploads\/2012\/05\/presos-342x192.jpg 342w, https:\/\/senoticias.com.br\/se\/wp-content\/uploads\/2012\/05\/presos.jpg 600w\" sizes=\"(max-width: 300px) 100vw, 300px\" \/><\/a>Na manh\u00e3 desta quarta-feira, 23, os delegados Jorge Eduardo e Ant\u00f4nio Wellington, respons\u00e1veis pelas delegacias das cidades de Monte Alegre e Porto da Folha, respectivamente, e o aspirante do Pelot\u00e3o Especial de Policiamento em \u00c1rea de Caatinga (Pepac), Jorge Wilson, detalharam a investiga\u00e7\u00e3o que culminou com a desarticula\u00e7\u00e3o de uma quadrilha que vinha furtando e roubando gado no sert\u00e3o de Sergipe.<\/p>\n<p style=\"text-align: justify;\">Foram presos Francisco de Assis dos Santos, 21 anos, vulgo &#8220;Zeca Urubu&#8221; e Jos\u00e9 F\u00e1bio da Silva Milit\u00e3o, 27 anos. Os dois foram surpreendidos nesta ter\u00e7a-feira, 22, em flagrante, pelos militares do Pepac quando tangiam gado em uma estrada vicinal na regi\u00e3o do munic\u00edpio de Porto da Folha. &#8220;A investiga\u00e7\u00e3o foi conduzida pela Pol\u00edcia Civil e pelo nosso grupo de intelig\u00eancia. Ap\u00f3s os levantamentos conseguimos localiz\u00e1-los e prend\u00ea-los em flagrante nas proximidades de Porto da Folha&#8221;, explicou Jorge Wilson.<\/p>\n<p style=\"text-align: justify;\">As investiga\u00e7\u00f5es apontam que o grupo atuava h\u00e1 cerca de quatro anos na regi\u00e3o, principalmente nas cidades de Porto da Folha e Po\u00e7o Redondo. &#8220;Eles sempre atuavam da mesma forma. Um dos integrantes alugava um pasto pr\u00f3ximo das propriedades rurais que eram alvos do bando. Dois eram respons\u00e1veis pelas a\u00e7\u00f5es e colocavam temporariamento o gado no pasto. Eles agiam sempre no per\u00edodo da noite. O receptador transportava o gado at\u00e9 sua cidade, ficando respons\u00e1vel pela comercializa\u00e7\u00e3o&#8221;, detalhou o delegado Jorge Eduardo.<\/p>\n<p style=\"text-align: justify;\">A pol\u00edcia j\u00e1 identificou a participa\u00e7\u00e3o do grupo em pelo menos 30 roubos ou furtos. A pol\u00edcia busca agora outros dois integrantes do bando, sendo o l\u00edder e o receptador do gado furtado. &#8220;As investiga\u00e7\u00f5es foram intensificadas h\u00e1 dois meses. Eles agiam constantemente trazendo transtornos ao povo sofrido do sert\u00e3o sergipano&#8221;, destacou o delegado Ant\u00f4nio Wellington.<\/p>\n<p style=\"text-align: justify;\">A dupla presa n\u00e3o tem passagem pela pol\u00edcia. Durante a a\u00e7\u00e3o policial foram recuperadas oito cabe\u00e7as de gado,devolvidas aos propriet\u00e1rios na tarde desta ter\u00e7a-feira, 22.<\/p>\n<p style=\"text-align: justify;\"><strong>SSP\/SE<\/strong><\/p>\n","protected":false},"excerpt":{"rendered":"<p>Na manh\u00e3 desta quarta-feira, 23, os delegados Jorge Eduardo e Ant\u00f4nio Wellington, respons\u00e1veis pelas delegacias das cidades de Monte Alegre e Porto da Folha, respectivamente, e o aspirante do Pelot\u00e3o Especial de Policiamento em \u00c1rea de Caatinga (Pepac), Jorge Wilson, detalharam a investiga\u00e7\u00e3o que culminou com a desarticula\u00e7\u00e3o de uma quadrilha que vinha furtando e [&hellip;]<\/p>\n","protected":false},"author":3,"featured_media":33045,"comment_status":"closed","ping_status":"closed","sticky":false,"template":"","format":"standard","meta":{"footnotes":""},"categories":[7],"tags":[],"class_list":{"0":"post-32920","1":"post","2":"type-post","3":"status-publish","4":"format-standard","5":"has-post-thumbnail","7":"category-policia"},"_links":{"self":[{"href":"https:\/\/senoticias.com.br\/se\/wp-json\/wp\/v2\/posts\/32920"}],"collection":[{"href":"https:\/\/senoticias.com.br\/se\/wp-json\/wp\/v2\/posts"}],"about":[{"href":"https:\/\/senoticias.com.br\/se\/wp-json\/wp\/v2\/types\/post"}],"author":[{"embeddable":true,"href":"https:\/\/senoticias.com.br\/se\/wp-json\/wp\/v2\/users\/3"}],"replies":[{"embeddable":true,"href":"https:\/\/senoticias.com.br\/se\/wp-json\/wp\/v2\/comments?post=32920"}],"version-history":[{"count":0,"href":"https:\/\/senoticias.com.br\/se\/wp-json\/wp\/v2\/posts\/32920\/revisions"}],"wp:featuredmedia":[{"embeddable":true,"href":"https:\/\/senoticias.com.br\/se\/wp-json\/wp\/v2\/media\/33045"}],"wp:attachment":[{"href":"https:\/\/senoticias.com.br\/se\/wp-json\/wp\/v2\/media?parent=32920"}],"wp:term":[{"taxonomy":"category","embeddable":true,"href":"https:\/\/senoticias.com.br\/se\/wp-json\/wp\/v2\/categories?post=32920"},{"taxonomy":"post_tag","embeddable":true,"href":"https:\/\/senoticias.com.br\/se\/wp-json\/wp\/v2\/tags?post=32920"}],"curies":[{"name":"wp","href":"https:\/\/api.w.org\/{rel}","templated":true}]}}