{"id":32823,"date":"2012-05-21T17:33:21","date_gmt":"2012-05-21T20:33:21","guid":{"rendered":"http:\/\/senoticias.com.br\/se\/?p=32823"},"modified":"2012-05-22T08:03:54","modified_gmt":"2012-05-22T11:03:54","slug":"dona-de-casa-e-assassinada-a-golpes-de-faca-e-pauladas-em-se","status":"publish","type":"post","link":"https:\/\/senoticias.com.br\/se\/dona-de-casa-e-assassinada-a-golpes-de-faca-e-pauladas-em-se\/","title":{"rendered":"Dona de casa \u00e9 assassinada a golpes de faca e pauladas em SE"},"content":{"rendered":"<p style=\"text-align: justify;\"><strong>Do <a href=\"%20http:\/\/g1.globo.com\/se\/sergipe\/noticia\/2012\/05\/dona-de-casa-e-assassinada-golpes-de-faca-e-pauladas-em-se.html\" target=\"_blank\"><span style=\"color: #0000ff;\">G1<\/span><\/a> SE<\/strong><\/p>\n<div id=\"attachment_654\" style=\"width: 233px\" class=\"wp-caption alignleft\"><a href=\"http:\/\/senoticias.com.br\/se\/wp-content\/uploads\/2011\/01\/Faca.jpeg\"><img loading=\"lazy\" decoding=\"async\" aria-describedby=\"caption-attachment-654\" class=\"size-full wp-image-654\" title=\"Faca\" src=\"http:\/\/senoticias.com.br\/se\/wp-content\/uploads\/2011\/01\/Faca.jpeg\" alt=\"\" width=\"223\" height=\"167\" srcset=\"https:\/\/senoticias.com.br\/se\/wp-content\/uploads\/2011\/01\/Faca.jpeg 223w, https:\/\/senoticias.com.br\/se\/wp-content\/uploads\/2011\/01\/Faca-60x45.jpg 60w, https:\/\/senoticias.com.br\/se\/wp-content\/uploads\/2011\/01\/Faca-150x113.jpg 150w\" sizes=\"(max-width: 223px) 100vw, 223px\" \/><\/a><p id=\"caption-attachment-654\" class=\"wp-caption-text\">Foto meramente Ilustrativa \/ Reprodu\u00e7\u00e3o<\/p><\/div>\n<p style=\"text-align: justify;\">Uma dona de casa foi assassinada a golpes de faca e pauladas pelo companheiro com quem tinha uma filha de dois anos de idade.<\/p>\n<p style=\"text-align: justify;\">O crime ocorreu nesse final de semana na casa da v\u00edtima, localizada no Coqueiral, Zona Norte da capital sergipana. Segundo a pol\u00edcia, ela foi agredida na presen\u00e7a da filha e chegou a ser encaminhada ao Hospital de Urg\u00eancia de Sergipe, mas n\u00e3o resistiu aos ferimentos.<\/p>\n<p style=\"text-align: justify;\">De acordo com a Delegacia de Grupos Vulner\u00e1veis, somente este ano foram registrados 1.080 boletins de ocorr\u00eancias referentes a agress\u00f5es contra a mulher. E um total de 465 inqu\u00e9ritos foram abertos.<\/p>\n","protected":false},"excerpt":{"rendered":"<p>Do G1 SE Uma dona de casa foi assassinada a golpes de faca e pauladas pelo companheiro com quem tinha uma filha de dois anos de idade. O crime ocorreu nesse final de semana na casa da v\u00edtima, localizada no Coqueiral, Zona Norte da capital sergipana. Segundo a pol\u00edcia, ela foi agredida na presen\u00e7a da [&hellip;]<\/p>\n","protected":false},"author":3,"featured_media":654,"comment_status":"closed","ping_status":"closed","sticky":false,"template":"","format":"standard","meta":{"footnotes":""},"categories":[7],"tags":[],"class_list":{"0":"post-32823","1":"post","2":"type-post","3":"status-publish","4":"format-standard","5":"has-post-thumbnail","7":"category-policia"},"_links":{"self":[{"href":"https:\/\/senoticias.com.br\/se\/wp-json\/wp\/v2\/posts\/32823"}],"collection":[{"href":"https:\/\/senoticias.com.br\/se\/wp-json\/wp\/v2\/posts"}],"about":[{"href":"https:\/\/senoticias.com.br\/se\/wp-json\/wp\/v2\/types\/post"}],"author":[{"embeddable":true,"href":"https:\/\/senoticias.com.br\/se\/wp-json\/wp\/v2\/users\/3"}],"replies":[{"embeddable":true,"href":"https:\/\/senoticias.com.br\/se\/wp-json\/wp\/v2\/comments?post=32823"}],"version-history":[{"count":0,"href":"https:\/\/senoticias.com.br\/se\/wp-json\/wp\/v2\/posts\/32823\/revisions"}],"wp:featuredmedia":[{"embeddable":true,"href":"https:\/\/senoticias.com.br\/se\/wp-json\/wp\/v2\/media\/654"}],"wp:attachment":[{"href":"https:\/\/senoticias.com.br\/se\/wp-json\/wp\/v2\/media?parent=32823"}],"wp:term":[{"taxonomy":"category","embeddable":true,"href":"https:\/\/senoticias.com.br\/se\/wp-json\/wp\/v2\/categories?post=32823"},{"taxonomy":"post_tag","embeddable":true,"href":"https:\/\/senoticias.com.br\/se\/wp-json\/wp\/v2\/tags?post=32823"}],"curies":[{"name":"wp","href":"https:\/\/api.w.org\/{rel}","templated":true}]}}