{"id":32796,"date":"2012-05-21T14:14:18","date_gmt":"2012-05-21T17:14:18","guid":{"rendered":"http:\/\/senoticias.com.br\/se\/?p=32796"},"modified":"2012-05-21T19:20:48","modified_gmt":"2012-05-21T22:20:48","slug":"homem-morre-durante-tentativa-de-assalto-a-estabelecimento-comercial","status":"publish","type":"post","link":"https:\/\/senoticias.com.br\/se\/homem-morre-durante-tentativa-de-assalto-a-estabelecimento-comercial\/","title":{"rendered":"Homem morre durante tentativa de assalto a estabelecimento comercial"},"content":{"rendered":"<div id=\"attachment_32797\" style=\"width: 310px\" class=\"wp-caption alignleft\"><a href=\"http:\/\/senoticias.com.br\/se\/wp-content\/uploads\/2012\/05\/Corpo-em-Aracaju.jpg\"><img loading=\"lazy\" decoding=\"async\" aria-describedby=\"caption-attachment-32797\" class=\"size-medium wp-image-32797\" title=\"Corpo em Aracaju\" src=\"http:\/\/senoticias.com.br\/se\/wp-content\/uploads\/2012\/05\/Corpo-em-Aracaju-300x225.jpg\" alt=\"\" width=\"300\" height=\"225\" srcset=\"https:\/\/senoticias.com.br\/se\/wp-content\/uploads\/2012\/05\/Corpo-em-Aracaju-300x225.jpg 300w, https:\/\/senoticias.com.br\/se\/wp-content\/uploads\/2012\/05\/Corpo-em-Aracaju-342x256.jpg 342w, https:\/\/senoticias.com.br\/se\/wp-content\/uploads\/2012\/05\/Corpo-em-Aracaju-60x45.jpg 60w, https:\/\/senoticias.com.br\/se\/wp-content\/uploads\/2012\/05\/Corpo-em-Aracaju-150x113.jpg 150w, https:\/\/senoticias.com.br\/se\/wp-content\/uploads\/2012\/05\/Corpo-em-Aracaju-269x201.jpg 269w, https:\/\/senoticias.com.br\/se\/wp-content\/uploads\/2012\/05\/Corpo-em-Aracaju.jpg 600w\" sizes=\"(max-width: 300px) 100vw, 300px\" \/><\/a><p id=\"caption-attachment-32797\" class=\"wp-caption-text\">Os Bombeiros retiram o corpo (Reprodu\u00e7\u00e3o)<\/p><\/div>\n<p style=\"text-align: justify;\">Um assalto na travessa Jo\u00e3o Quintiliano da Fonseca, centro de Aracaju, terminou com morte no in\u00edcio da manh\u00e3 desta segunda-feira (21). Um grupo de assaltantes tentou entrar pelo telhado de uma loja, mas o vigilante da rua percebeu a a\u00e7\u00e3o do grupo e acionou a pol\u00edcia.<\/p>\n<p style=\"text-align: justify;\">De acordo com informa\u00e7\u00f5es, os assaltantes conseguiram fugir, mas um deles ficou preso no telhado e acabou morrendo. Inicialmente foi levantada a suspeita de que o homem, ainda sem identifica\u00e7\u00e3o, havia morrido eletrocutado, mas a pol\u00edcia informou que uma perfura\u00e7\u00e3o de tiro foi encontrada no corpo da v\u00edtima.<\/p>\n<p style=\"text-align: justify;\">O corpo de Bombeiros foi acionado para retirar o corpo do assaltante que ficou preso no telhado e o carro do Instituto M\u00e9dico Legal (IML) tamb\u00e9m foi acionado para levar o corpo. Segundo informa\u00e7\u00f5es do propriet\u00e1rio do estabelecimento, somente este ano a loja j\u00e1 foi assaltada pelo menos umas dez vezes.<\/p>\n<p style=\"text-align: justify;\"><span style=\"color: #666699;\"><em><strong>Do Portal Atalaia Agora<\/strong><\/em><\/span><\/p>\n","protected":false},"excerpt":{"rendered":"<p>Um assalto na travessa Jo\u00e3o Quintiliano da Fonseca, centro de Aracaju, terminou com morte no in\u00edcio da manh\u00e3 desta segunda-feira (21). Um grupo de assaltantes tentou entrar pelo telhado de uma loja, mas o vigilante da rua percebeu a a\u00e7\u00e3o do grupo e acionou a pol\u00edcia. De acordo com informa\u00e7\u00f5es, os assaltantes conseguiram fugir, mas [&hellip;]<\/p>\n","protected":false},"author":3,"featured_media":32797,"comment_status":"closed","ping_status":"closed","sticky":false,"template":"","format":"standard","meta":{"footnotes":""},"categories":[7],"tags":[],"class_list":{"0":"post-32796","1":"post","2":"type-post","3":"status-publish","4":"format-standard","5":"has-post-thumbnail","7":"category-policia"},"_links":{"self":[{"href":"https:\/\/senoticias.com.br\/se\/wp-json\/wp\/v2\/posts\/32796"}],"collection":[{"href":"https:\/\/senoticias.com.br\/se\/wp-json\/wp\/v2\/posts"}],"about":[{"href":"https:\/\/senoticias.com.br\/se\/wp-json\/wp\/v2\/types\/post"}],"author":[{"embeddable":true,"href":"https:\/\/senoticias.com.br\/se\/wp-json\/wp\/v2\/users\/3"}],"replies":[{"embeddable":true,"href":"https:\/\/senoticias.com.br\/se\/wp-json\/wp\/v2\/comments?post=32796"}],"version-history":[{"count":0,"href":"https:\/\/senoticias.com.br\/se\/wp-json\/wp\/v2\/posts\/32796\/revisions"}],"wp:featuredmedia":[{"embeddable":true,"href":"https:\/\/senoticias.com.br\/se\/wp-json\/wp\/v2\/media\/32797"}],"wp:attachment":[{"href":"https:\/\/senoticias.com.br\/se\/wp-json\/wp\/v2\/media?parent=32796"}],"wp:term":[{"taxonomy":"category","embeddable":true,"href":"https:\/\/senoticias.com.br\/se\/wp-json\/wp\/v2\/categories?post=32796"},{"taxonomy":"post_tag","embeddable":true,"href":"https:\/\/senoticias.com.br\/se\/wp-json\/wp\/v2\/tags?post=32796"}],"curies":[{"name":"wp","href":"https:\/\/api.w.org\/{rel}","templated":true}]}}