{"id":32784,"date":"2012-05-21T10:19:30","date_gmt":"2012-05-21T13:19:30","guid":{"rendered":"http:\/\/senoticias.com.br\/se\/?p=32784"},"modified":"2012-05-22T17:32:22","modified_gmt":"2012-05-22T20:32:22","slug":"sao-pedro-de-capela-tera-michel-telo","status":"publish","type":"post","link":"https:\/\/senoticias.com.br\/se\/sao-pedro-de-capela-tera-michel-telo\/","title":{"rendered":"S\u00e3o Pedro de Capela ter\u00e1 Michel Tel\u00f3"},"content":{"rendered":"<div id=\"attachment_32789\" style=\"width: 310px\" class=\"wp-caption alignleft\"><a href=\"http:\/\/senoticias.com.br\/se\/wp-content\/uploads\/2012\/05\/Agenda_de_show_Michel_Telo_Marco_2012.jpg\"><img loading=\"lazy\" decoding=\"async\" aria-describedby=\"caption-attachment-32789\" class=\"size-medium wp-image-32789\" title=\"\" src=\"http:\/\/senoticias.com.br\/se\/wp-content\/uploads\/2012\/05\/Agenda_de_show_Michel_Telo_Marco_2012-300x225.jpg\" alt=\"\" width=\"300\" height=\"225\" srcset=\"https:\/\/senoticias.com.br\/se\/wp-content\/uploads\/2012\/05\/Agenda_de_show_Michel_Telo_Marco_2012-300x225.jpg 300w, https:\/\/senoticias.com.br\/se\/wp-content\/uploads\/2012\/05\/Agenda_de_show_Michel_Telo_Marco_2012-342x256.jpg 342w, https:\/\/senoticias.com.br\/se\/wp-content\/uploads\/2012\/05\/Agenda_de_show_Michel_Telo_Marco_2012-60x45.jpg 60w, https:\/\/senoticias.com.br\/se\/wp-content\/uploads\/2012\/05\/Agenda_de_show_Michel_Telo_Marco_2012-150x113.jpg 150w, https:\/\/senoticias.com.br\/se\/wp-content\/uploads\/2012\/05\/Agenda_de_show_Michel_Telo_Marco_2012-269x201.jpg 269w, https:\/\/senoticias.com.br\/se\/wp-content\/uploads\/2012\/05\/Agenda_de_show_Michel_Telo_Marco_2012.jpg 400w\" sizes=\"(max-width: 300px) 100vw, 300px\" \/><\/a><p id=\"caption-attachment-32789\" class=\"wp-caption-text\">S\u00e3o Pedro de Capela ter\u00e1 Michel Tel\u00f3\/Reprodu\u00e7\u00e3o<\/p><\/div>\n<p style=\"text-align: justify;\">O tradicional S\u00e3o Pedro do munic\u00edpio de Capela, distante 67 quil\u00f4metros da capital sergipana, j\u00e1 tem programa\u00e7\u00e3o definida. O festival, que ir\u00e1 acontecer nos dias 29 e 30 de junho e 1\u00ba de julho, j\u00e1 \u00e9 reconhecido nacionalmente\u00a0pela organiza\u00e7\u00e3o e megaestrutura que \u00e9 montada para receber milhares de visitantes. Outra peculiaridade que chama a aten\u00e7\u00e3o \u00e9 a conserva\u00e7\u00e3o das v\u00e1rias manifesta\u00e7\u00f5es culturais da cidade. A abertura do grande leque de atividades culturais ser\u00e1 no pr\u00f3ximo dia 31 de maio, com a Sarandaia, quando haver\u00e1 os shows de Ciganos do Arrocha , A Favorita do Brasil e Forr\u00f3 dos Balas.<\/p>\n<p style=\"text-align: justify;\">A cada ano, a quantidade de pessoas que v\u00e3o prestigiar todo a festa \u00e9 maior. No ano passado, somente na abertura do evento social mais 200 mil foli\u00f5es participaram dos festejos na Pra\u00e7a do Amparo. &#8220;\u00c9 gratificante organizar uma maravilhosa como essa para o povo de Capela e ver que tem alcance nacional, que traz muita gente de outros munic\u00edpios e estados para prestigiar nossas tradi\u00e7\u00f5es&#8221;, destaca Manoel Messias Sukita Santos, prefeito da cidade. Na edi\u00e7\u00e3o de 2012, al\u00e9m dos arrai\u00e1s, da Sarandaia com o hasteamento do Estandarte, da Busca pelo Mastro, do Cortejo da Baiana, entre outros, as atra\u00e7\u00f5es musicais prometem brilhar.<\/p>\n<p style=\"text-align: justify;\">O cantor sertanejo Michel Tel\u00f3 j\u00e1 est\u00e1 confirmado para o primeiro dia do festival, assim como as bandas Desejo de Menina, Fogo na Saia e outros artistas. E n\u00e3o s\u00e3o somente as bandas de sucesso e manifesta\u00e7\u00f5es culturais que agradam ao p\u00fablico. Sukita ressalta que um fator de destaque no S\u00e3o Pedro de Capela \u00e9 o esquema de seguran\u00e7a que garante a tranquilidade dos forrozeiros. &#8220;\u00c9 muito comum fam\u00edlias inteiras participarem das festividades aqui no munic\u00edpio. Em 2011 mesmo, n\u00e3o houve registros graves, e nossa perspectiva \u00e9 de que a tranquilidade s\u00f3 aumente. O policiamento continuar\u00e1 intenso e, nas noites em que se apresentarem artistas de maior renome, certamente a cobertura ser\u00e1 ainda maior&#8221;, afirma o prefeito.<\/p>\n<p style=\"text-align: justify;\">Para o gestor, todos os dias do evento, desde os festejos culturais \u00e0s atra\u00e7\u00f5es do festival social, s\u00e3o de extrema import\u00e2ncia para o munic\u00edpio. &#8220;N\u00e3o podemos esquecer que a economia da cidade fica ainda mais aquecida nesta \u00e9poca do ano. Milhares de visitantes movimentam o com\u00e9rcio diariamente, consumindo nos restaurantes e permanecendo em pousadas, por exemplo. Al\u00e9m disso, h\u00e1 ainda uma significativa quantidade de foli\u00f5es que alugam resid\u00eancias, o que gera renda para a popula\u00e7\u00e3o&#8221;, frisa Sukita.<\/p>\n<p style=\"text-align: justify;\"><strong>Confira a programa\u00e7\u00e3o do festival de S\u00e3o Pedro:<\/strong><\/p>\n<p style=\"text-align: justify;\"><strong>Dia 29 de junho<\/strong><br \/>\nDesejo de Menina<br \/>\nMichel Tel\u00f3<br \/>\nSilvano Sales<br \/>\nFogo na Saia<\/p>\n<p style=\"text-align: justify;\"><strong>Dia 30 de junho<\/strong><br \/>\nGal\u00e3 do Brega<br \/>\nForr\u00f3 dos Balas<br \/>\nIvaldo Macei\u00f3<br \/>\nDanielzinho e Forroz\u00e3o Quarto de Milha<\/p>\n<p style=\"text-align: justify;\"><strong>Dia 1\u00ba de julho<\/strong><br \/>\nSeeway (7h &#8211; Busca do Mastro)<br \/>\nSaia Rodada El\u00e9trico (Volta do Mastro)<br \/>\nA Favorita do Brasil e Joilson (14h \u00e0s 18h &#8211; Chegada do Mastro)<br \/>\nCalcinha Preta<br \/>\nForr\u00f3 Maior<br \/>\nMano Walter<\/p>\n<p style=\"text-align: justify;\"><em><strong>T. Dantas Comunica\u00e7\u00e3o, Consultoria e Marketing<\/strong><\/em><\/p>\n","protected":false},"excerpt":{"rendered":"<p>O tradicional S\u00e3o Pedro do munic\u00edpio de Capela, distante 67 quil\u00f4metros da capital sergipana, j\u00e1 tem programa\u00e7\u00e3o definida. O festival, que ir\u00e1 acontecer nos dias 29 e 30 de junho e 1\u00ba de julho, j\u00e1 \u00e9 reconhecido nacionalmente\u00a0pela organiza\u00e7\u00e3o e megaestrutura que \u00e9 montada para receber milhares de visitantes. Outra peculiaridade que chama a aten\u00e7\u00e3o [&hellip;]<\/p>\n","protected":false},"author":3,"featured_media":32789,"comment_status":"closed","ping_status":"closed","sticky":false,"template":"","format":"standard","meta":{"footnotes":""},"categories":[15,160,38],"tags":[],"class_list":{"0":"post-32784","1":"post","2":"type-post","3":"status-publish","4":"format-standard","5":"has-post-thumbnail","7":"category-destaques","8":"category-festas-juninas","9":"category-municipios"},"_links":{"self":[{"href":"https:\/\/senoticias.com.br\/se\/wp-json\/wp\/v2\/posts\/32784"}],"collection":[{"href":"https:\/\/senoticias.com.br\/se\/wp-json\/wp\/v2\/posts"}],"about":[{"href":"https:\/\/senoticias.com.br\/se\/wp-json\/wp\/v2\/types\/post"}],"author":[{"embeddable":true,"href":"https:\/\/senoticias.com.br\/se\/wp-json\/wp\/v2\/users\/3"}],"replies":[{"embeddable":true,"href":"https:\/\/senoticias.com.br\/se\/wp-json\/wp\/v2\/comments?post=32784"}],"version-history":[{"count":0,"href":"https:\/\/senoticias.com.br\/se\/wp-json\/wp\/v2\/posts\/32784\/revisions"}],"wp:featuredmedia":[{"embeddable":true,"href":"https:\/\/senoticias.com.br\/se\/wp-json\/wp\/v2\/media\/32789"}],"wp:attachment":[{"href":"https:\/\/senoticias.com.br\/se\/wp-json\/wp\/v2\/media?parent=32784"}],"wp:term":[{"taxonomy":"category","embeddable":true,"href":"https:\/\/senoticias.com.br\/se\/wp-json\/wp\/v2\/categories?post=32784"},{"taxonomy":"post_tag","embeddable":true,"href":"https:\/\/senoticias.com.br\/se\/wp-json\/wp\/v2\/tags?post=32784"}],"curies":[{"name":"wp","href":"https:\/\/api.w.org\/{rel}","templated":true}]}}