{"id":31191,"date":"2012-04-30T10:00:34","date_gmt":"2012-04-30T13:00:34","guid":{"rendered":"http:\/\/senoticias.com.br\/se\/?p=31191"},"modified":"2012-05-01T11:38:35","modified_gmt":"2012-05-01T14:38:35","slug":"policial-a-paisana-troca-tiros-com-bandidos-e-evita-assalto-na-atalaia","status":"publish","type":"post","link":"https:\/\/senoticias.com.br\/se\/policial-a-paisana-troca-tiros-com-bandidos-e-evita-assalto-na-atalaia\/","title":{"rendered":"Policial \u00e0 paisana troca tiros com bandidos e evita assalto \u00e0 Casa Lot\u00e9rica"},"content":{"rendered":"<div id=\"attachment_31192\" style=\"width: 260px\" class=\"wp-caption alignleft\"><a href=\"http:\/\/senoticias.com.br\/se\/wp-content\/uploads\/2012\/04\/img_133579040299.jpg\"><img loading=\"lazy\" decoding=\"async\" aria-describedby=\"caption-attachment-31192\" class=\"size-full wp-image-31192\" title=\"\" src=\"http:\/\/senoticias.com.br\/se\/wp-content\/uploads\/2012\/04\/img_133579040299.jpg\" alt=\"\" width=\"250\" height=\"141\" \/><\/a><p id=\"caption-attachment-31192\" class=\"wp-caption-text\">O assaltante foi atingido por oito disparos e morreu no local (Foto: reprodu\u00e7\u00e3o TV Atalaia )<\/p><\/div>\n<p style=\"text-align: justify;\">A tentativa de assalto ocorreu na tarde do \u00faltimo s\u00e1bado (28) a uma casa lot\u00e9rica no bairro Atalaia, na rua Sandoval Manoel dos Santos. Um policial que estava \u00e0 paisana reagiu e trocou tiros com os bandidos. Lucim\u00e1rio Silva dos Santos, 23 anos, foi morto com oito disparos. E, o comparsa dele acabou sendo atingido com um tiro no pesco\u00e7o e foi levado para o hospital. &#8220;Ele como policial agiu em defesa da sociedade. A dupla era perigosa e estava realizando v\u00e1rios assaltos na regi\u00e3o. Os comerciantes estavam sendo aterrorizados. A pol\u00edcia estava procurando os dois h\u00e1 algum tempo&#8221;, disse Tenente Alves da Pol\u00edcia Militar.<\/p>\n<p style=\"text-align: justify;\">As armas utilizadas pelos assaltantes foram apreendidas. A pol\u00edcia encontrou uma faca e um rev\u00f3lver calibre 38 com a dupla. Segundo investiga\u00e7\u00f5es, os dois s\u00e3o respons\u00e1veis por v\u00e1rios assaltos na capital. &#8220;Eles j\u00e1 foram filmados com a mesma moto utilizada no assalto em outros crimes. Recebemos a den\u00fancia de que a dupla faria novo assalto a uma lot\u00e9rica no bairro Atalaia, e quando chegamos ao local, eles j\u00e1 estavam em a\u00e7\u00e3o&#8221;, relata o delegado Everton Santos.<\/p>\n<p style=\"text-align: justify;\">Na a\u00e7\u00e3o nenhum cliente da lot\u00e9rica ficou ferido. O policial que evitou o assalto tamb\u00e9m saiu sem ferimentos.<\/p>\n<p style=\"text-align: justify;\"><span style=\"color: #808080;\"><strong>Mat\u00e9ria postada originalmente no Portal Atalaia<\/strong><\/span><\/p>\n","protected":false},"excerpt":{"rendered":"<p>A tentativa de assalto ocorreu na tarde do \u00faltimo s\u00e1bado (28) a uma casa lot\u00e9rica no bairro Atalaia, na rua Sandoval Manoel dos Santos. Um policial que estava \u00e0 paisana reagiu e trocou tiros com os bandidos. Lucim\u00e1rio Silva dos Santos, 23 anos, foi morto com oito disparos. E, o comparsa dele acabou sendo atingido [&hellip;]<\/p>\n","protected":false},"author":2,"featured_media":31192,"comment_status":"closed","ping_status":"closed","sticky":false,"template":"","format":"standard","meta":{"footnotes":""},"categories":[7],"tags":[],"class_list":{"0":"post-31191","1":"post","2":"type-post","3":"status-publish","4":"format-standard","5":"has-post-thumbnail","7":"category-policia"},"_links":{"self":[{"href":"https:\/\/senoticias.com.br\/se\/wp-json\/wp\/v2\/posts\/31191"}],"collection":[{"href":"https:\/\/senoticias.com.br\/se\/wp-json\/wp\/v2\/posts"}],"about":[{"href":"https:\/\/senoticias.com.br\/se\/wp-json\/wp\/v2\/types\/post"}],"author":[{"embeddable":true,"href":"https:\/\/senoticias.com.br\/se\/wp-json\/wp\/v2\/users\/2"}],"replies":[{"embeddable":true,"href":"https:\/\/senoticias.com.br\/se\/wp-json\/wp\/v2\/comments?post=31191"}],"version-history":[{"count":0,"href":"https:\/\/senoticias.com.br\/se\/wp-json\/wp\/v2\/posts\/31191\/revisions"}],"wp:featuredmedia":[{"embeddable":true,"href":"https:\/\/senoticias.com.br\/se\/wp-json\/wp\/v2\/media\/31192"}],"wp:attachment":[{"href":"https:\/\/senoticias.com.br\/se\/wp-json\/wp\/v2\/media?parent=31191"}],"wp:term":[{"taxonomy":"category","embeddable":true,"href":"https:\/\/senoticias.com.br\/se\/wp-json\/wp\/v2\/categories?post=31191"},{"taxonomy":"post_tag","embeddable":true,"href":"https:\/\/senoticias.com.br\/se\/wp-json\/wp\/v2\/tags?post=31191"}],"curies":[{"name":"wp","href":"https:\/\/api.w.org\/{rel}","templated":true}]}}