{"id":31185,"date":"2012-04-30T09:35:58","date_gmt":"2012-04-30T12:35:58","guid":{"rendered":"http:\/\/senoticias.com.br\/se\/?p=31185"},"modified":"2013-05-18T13:01:36","modified_gmt":"2013-05-18T16:01:36","slug":"policia-recupera-veiculo-roubado-em-matagal-de-sao-cristovao","status":"publish","type":"post","link":"https:\/\/senoticias.com.br\/se\/policia-recupera-veiculo-roubado-em-matagal-de-sao-cristovao\/","title":{"rendered":"Pol\u00edcia recupera ve\u00edculo roubado em matagal de S\u00e3o Crist\u00f3v\u00e3o"},"content":{"rendered":"<p style=\"text-align: justify;\"><a href=\"http:\/\/senoticias.com.br\/se\/wp-content\/uploads\/2012\/04\/img4f9dc8ed88e37.jpg\"><img loading=\"lazy\" decoding=\"async\" class=\"alignleft size-medium wp-image-31186\" title=\"\" src=\"http:\/\/senoticias.com.br\/se\/wp-content\/uploads\/2012\/04\/img4f9dc8ed88e37-281x300.jpg\" alt=\"\" width=\"281\" height=\"300\" srcset=\"https:\/\/senoticias.com.br\/se\/wp-content\/uploads\/2012\/04\/img4f9dc8ed88e37-281x300.jpg 281w, https:\/\/senoticias.com.br\/se\/wp-content\/uploads\/2012\/04\/img4f9dc8ed88e37-300x319.jpg 300w, https:\/\/senoticias.com.br\/se\/wp-content\/uploads\/2012\/04\/img4f9dc8ed88e37-80x85.jpg 80w, https:\/\/senoticias.com.br\/se\/wp-content\/uploads\/2012\/04\/img4f9dc8ed88e37.jpg 336w\" sizes=\"(max-width: 281px) 100vw, 281px\" \/><\/a>A Pol\u00edcia Militar, atrav\u00e9s da Companhia de Pol\u00edcia de Radiopatrulha (CPRp), recuperou na noite de sexta-feira, 27, uma motocicleta que havia sido roubada. O ve\u00edculo foi localizado escondido em um matagal situado no conjunto Luiz Alves, regi\u00e3o do Grande Rosa Elze, cidade de S\u00e3o Crist\u00f3v\u00e3o.<\/p>\n<p style=\"text-align: justify;\">A a\u00e7\u00e3o aconteceu quando uma guarni\u00e7\u00e3o composta pelos soldados Adriano, M\u00e1rcio, Michael e Faro realizava rondas preventivas na regi\u00e3o e foi informada que havia uma motocicleta escondida no referido local.<\/p>\n<p style=\"text-align: justify;\">Os policiais seguiram ao local indicado e localizaram uma motocicleta YBR, de cor vermelha, placa IAP 9533. \u201cRealizamos consulta \u00e0 Rede Infoseg e constatamos que o ve\u00edculo havia sido roubado no dia anterior [quinta-feira, 26]. Al\u00e9m disso, recebemos a informa\u00e7\u00e3o de que dois indiv\u00edduos utilizaram o ve\u00edculo para efetuar roubos\u201d, explicou o soldado Adriano.<\/p>\n<p style=\"text-align: justify;\">SSP\/SE<\/p>\n","protected":false},"excerpt":{"rendered":"<p>A Pol\u00edcia Militar, atrav\u00e9s da Companhia de Pol\u00edcia de Radiopatrulha (CPRp), recuperou na noite de sexta-feira, 27, uma motocicleta que havia sido roubada. O ve\u00edculo foi localizado escondido em um matagal situado no conjunto Luiz Alves, regi\u00e3o do Grande Rosa Elze, cidade de S\u00e3o Crist\u00f3v\u00e3o. A a\u00e7\u00e3o aconteceu quando uma guarni\u00e7\u00e3o composta pelos soldados Adriano, [&hellip;]<\/p>\n","protected":false},"author":3,"featured_media":31186,"comment_status":"closed","ping_status":"closed","sticky":false,"template":"","format":"standard","meta":{"footnotes":""},"categories":[38,3],"tags":[],"class_list":{"0":"post-31185","1":"post","2":"type-post","3":"status-publish","4":"format-standard","5":"has-post-thumbnail","7":"category-municipios","8":"category-saocristovao"},"_links":{"self":[{"href":"https:\/\/senoticias.com.br\/se\/wp-json\/wp\/v2\/posts\/31185"}],"collection":[{"href":"https:\/\/senoticias.com.br\/se\/wp-json\/wp\/v2\/posts"}],"about":[{"href":"https:\/\/senoticias.com.br\/se\/wp-json\/wp\/v2\/types\/post"}],"author":[{"embeddable":true,"href":"https:\/\/senoticias.com.br\/se\/wp-json\/wp\/v2\/users\/3"}],"replies":[{"embeddable":true,"href":"https:\/\/senoticias.com.br\/se\/wp-json\/wp\/v2\/comments?post=31185"}],"version-history":[{"count":0,"href":"https:\/\/senoticias.com.br\/se\/wp-json\/wp\/v2\/posts\/31185\/revisions"}],"wp:featuredmedia":[{"embeddable":true,"href":"https:\/\/senoticias.com.br\/se\/wp-json\/wp\/v2\/media\/31186"}],"wp:attachment":[{"href":"https:\/\/senoticias.com.br\/se\/wp-json\/wp\/v2\/media?parent=31185"}],"wp:term":[{"taxonomy":"category","embeddable":true,"href":"https:\/\/senoticias.com.br\/se\/wp-json\/wp\/v2\/categories?post=31185"},{"taxonomy":"post_tag","embeddable":true,"href":"https:\/\/senoticias.com.br\/se\/wp-json\/wp\/v2\/tags?post=31185"}],"curies":[{"name":"wp","href":"https:\/\/api.w.org\/{rel}","templated":true}]}}