{"id":31178,"date":"2012-04-30T06:40:39","date_gmt":"2012-04-30T09:40:39","guid":{"rendered":"http:\/\/senoticias.com.br\/se\/?p=31178"},"modified":"2012-04-30T06:41:56","modified_gmt":"2012-04-30T09:41:56","slug":"em-propria-se-pt-tera-candidatura-propria","status":"publish","type":"post","link":"https:\/\/senoticias.com.br\/se\/em-propria-se-pt-tera-candidatura-propria\/","title":{"rendered":"Em Propri\u00e1-SE, PT ter\u00e1 candidatura pr\u00f3pria."},"content":{"rendered":"<div id=\"attachment_31179\" style=\"width: 300px\" class=\"wp-caption alignleft\"><a href=\"http:\/\/senoticias.com.br\/se\/wp-content\/uploads\/2012\/04\/20120414_paulinhocampos.png\"><img loading=\"lazy\" decoding=\"async\" aria-describedby=\"caption-attachment-31179\" class=\"size-medium wp-image-31179\" title=\"20120414_paulinhocampos\" src=\"http:\/\/senoticias.com.br\/se\/wp-content\/uploads\/2012\/04\/20120414_paulinhocampos-290x300.png\" alt=\"\" width=\"290\" height=\"300\" srcset=\"https:\/\/senoticias.com.br\/se\/wp-content\/uploads\/2012\/04\/20120414_paulinhocampos-290x300.png 290w, https:\/\/senoticias.com.br\/se\/wp-content\/uploads\/2012\/04\/20120414_paulinhocampos-342x353.png 342w, https:\/\/senoticias.com.br\/se\/wp-content\/uploads\/2012\/04\/20120414_paulinhocampos-300x310.png 300w, https:\/\/senoticias.com.br\/se\/wp-content\/uploads\/2012\/04\/20120414_paulinhocampos.png 475w\" sizes=\"(max-width: 290px) 100vw, 290px\" \/><\/a><p id=\"caption-attachment-31179\" class=\"wp-caption-text\">Paulinho Campos, pr\u00e9-candidato a prefeito de Propri\u00e1 pelo partido dos Trabalhadores. (Foto: Claudomir Tavares)<\/p><\/div>\n<p style=\"text-align: justify;\">Dos 152 filiados aptos para votar nas pr\u00e9vias do Partido dos Trabalhadores, no munic\u00edpio de Propri\u00e1, distante 98 km da capital, Aracaju, 95 deles (62,5%) depositaram seus votos em uma das propostas na disputa que consultava sobre lan\u00e7amento de candidatura pr\u00f3pria (neste caso o pr\u00e9-candidato Paulinho Campos) ou lan\u00e7amento do candidato \u00e0 vice-prefeito (neste caso na chapa encabe\u00e7ada pelo prefeito Jos\u00e9 Am\u00e9rico, pr\u00e9-candidato \u00e0 reelei\u00e7\u00e3o).<\/p>\n<p style=\"text-align: justify;\">Apoiada pelo vereador Paulinho Campos, presidente da C\u00e2mara Municipal, a <strong>Chapa 1<\/strong> \u2013 Candidatura Pr\u00f3pria, obteve 53 votos (55,7%), sagrando-se vencedora, contra os 42 votos (44,21%) dados a Chapa 2, apoiada pelo L\u00edder do prefeito Jos\u00e9 Am\u00e9rico naquela casa, vereador Fernandinho Britto (que pleiteava a indica\u00e7\u00e3o de vice-prefeito). O resultado confirma a decis\u00e3o tomada pelo Diret\u00f3rio Municipal em 14 de janeiro, quando inclusive j\u00e1 havia aprovado o nome de Paulinho, mas abrindo uma janela para um poss\u00edvel acordo com Am\u00e9rico, caso fosse esta a indica\u00e7\u00e3o da maioria dos filiados.<\/p>\n<p style=\"text-align: justify;\"><strong>A for\u00e7a de Renatinho \u2013<\/strong> O resultado das pr\u00e9vias do PT mostrou a vit\u00f3ria do ex-prefeito Renato Brand\u00e3o (PMDB) contra seu ex-aliado e agora desafeto pol\u00edtico Paulo Britto (PT), que renunciou o mandato em 1\u00ba de agosto em favor de seu vice-prefeito Jos\u00e9 Am\u00e9rico (PSC), declaradamente seu candidato \u00e0 reelei\u00e7\u00e3o. Gra\u00e7as ao seu modo de fazer pol\u00edtica, Paulinho n\u00e3o deu as caras para for\u00e7ar qualquer resultado, cabendo esta tarefa ao prefeito Jos\u00e9 Am\u00e9rico que ligou para os filiados, fazendo visita a alguns deles. T\u00e1tica semelhante \u00e0 utilizada por Renatinho, que fez uma cruzada na busca dos votos dos petistas.<\/p>\n<p style=\"text-align: justify;\"><strong>N\u00f3s j\u00e1 sab\u00edamos \u2013<\/strong> O resultado confirma os progn\u00f3sticos apresentados pelo portal Tribuna da Praia e pelo jornal Voz do S\u00e3o Francisco, que antevia o quadro favor\u00e1vel a Paulinho Campos e Renatinho, pois os grupos n\u00e3o s\u00e3o os mesmos, uma vez que, quando Renato era prefeito, Am\u00e9rico estava do lado do PFL, agora Democratas, e estiveram juntos momentaneamente quando das elei\u00e7\u00f5es de Paulo Britto (2004 e 2004), sendo a primeira para somar, ampliar e a segunda j\u00e1 encarada de forma indigesta pelos petistas hist\u00f3ricos, os quais permanecem em sua maioria ligados a Renatinho.<\/p>\n<p style=\"text-align: justify;\"><strong>Posi\u00e7\u00f5es definidas \u2013<\/strong> Mas que ningu\u00e9m acredite que Am\u00e9rico jogar\u00e1 a toalha e j\u00e1 a partir desta segunda-feira buscar\u00e1 articular o Plano B (tem for\u00e7a pol\u00edtica, credibilidade e legitimidade para faz\u00ea-lo, desde que ou\u00e7a sua banda boa, ao inv\u00e9s da banda&#8230; &#8211; ele sabe o que queremos dizer): sem o PT em sua chapa, pretende atrair o DEM, ou o PSDB&#8230; quem sabe PDT, PTC, PR, PSDB, &#8230;, mas antes ouvindo seu bureau pol\u00edtico (n\u00f3s avisamos que ele precisaria rev\u00ea-lo \u2013 n\u00e3o nos ouviu&#8230;), naturalmente que com a aquiesc\u00eancia do senador Eduardo Amorim (PSC), que poder\u00e1 entrar pessoalmente na re-composi\u00e7\u00e3o do meio-campo em favor daquele que ser\u00e1 seu representante na disputa pela prefeitura de Propri\u00e1, estrat\u00e9gia nos planos de chegar ao governo de Sergipe, provavelmente enfrentando o vice-governador Jackson Barreto (PMDB), que estar\u00e1 no palanque de Paulinho Campos, ao lado do governador Marcelo Deda (PT) e do senador Ant\u00f4nio Carlos Valadares (PSB), o triunvirato da pol\u00edtica sergipana.<\/p>\n<p style=\"text-align: justify;\"><strong>Competitivos \u2013<\/strong> As elei\u00e7\u00f5es municipais em Propri\u00e1 caminham para o afunilamento de tr\u00eas pr\u00e9-candidaturas, todas elas inegavelmente e indubitavelmente, competitivas: Z\u00e9 Jo\u00e3o (DEM), Jos\u00e9 Am\u00e9rico (PSC) e Paulinho Campos (PT), restando saber como se comportar\u00e3o os ainda pr\u00e9-candidatos Paulo C\u00e9sar (PSDB), Roz\u00e9lia da Ponte (PTC) e Eug\u00eanio Santana (PR), potenciais pr\u00e9-candidatos a vice-prefeito em uma das chapas citadas anteriormente (mas \u00e9 preciso, primeiro, combinar com eles).<\/p>\n<p><strong>Texto:<\/strong> <a href=\"http:\/\/www.tribunadapraiaonline.com\/news\/ecos-politicos%3a-numa-decis%C3%A3o-apertada%2c-pt-decide-por-candidatura-propria-em-propria\/\" target=\"_blank\"><span style=\"color: #0000ff;\"><strong>Claudomir Tavares &#8211; Tribuna da Praia<\/strong><\/span><\/a><\/p>\n","protected":false},"excerpt":{"rendered":"<p>Dos 152 filiados aptos para votar nas pr\u00e9vias do Partido dos Trabalhadores, no munic\u00edpio de Propri\u00e1, distante 98 km da capital, Aracaju, 95 deles (62,5%) depositaram seus votos em uma das propostas na disputa que consultava sobre lan\u00e7amento de candidatura pr\u00f3pria (neste caso o pr\u00e9-candidato Paulinho Campos) ou lan\u00e7amento do candidato \u00e0 vice-prefeito (neste caso [&hellip;]<\/p>\n","protected":false},"author":3,"featured_media":31179,"comment_status":"closed","ping_status":"closed","sticky":false,"template":"","format":"standard","meta":{"footnotes":""},"categories":[38],"tags":[],"class_list":{"0":"post-31178","1":"post","2":"type-post","3":"status-publish","4":"format-standard","5":"has-post-thumbnail","7":"category-municipios"},"_links":{"self":[{"href":"https:\/\/senoticias.com.br\/se\/wp-json\/wp\/v2\/posts\/31178"}],"collection":[{"href":"https:\/\/senoticias.com.br\/se\/wp-json\/wp\/v2\/posts"}],"about":[{"href":"https:\/\/senoticias.com.br\/se\/wp-json\/wp\/v2\/types\/post"}],"author":[{"embeddable":true,"href":"https:\/\/senoticias.com.br\/se\/wp-json\/wp\/v2\/users\/3"}],"replies":[{"embeddable":true,"href":"https:\/\/senoticias.com.br\/se\/wp-json\/wp\/v2\/comments?post=31178"}],"version-history":[{"count":0,"href":"https:\/\/senoticias.com.br\/se\/wp-json\/wp\/v2\/posts\/31178\/revisions"}],"wp:featuredmedia":[{"embeddable":true,"href":"https:\/\/senoticias.com.br\/se\/wp-json\/wp\/v2\/media\/31179"}],"wp:attachment":[{"href":"https:\/\/senoticias.com.br\/se\/wp-json\/wp\/v2\/media?parent=31178"}],"wp:term":[{"taxonomy":"category","embeddable":true,"href":"https:\/\/senoticias.com.br\/se\/wp-json\/wp\/v2\/categories?post=31178"},{"taxonomy":"post_tag","embeddable":true,"href":"https:\/\/senoticias.com.br\/se\/wp-json\/wp\/v2\/tags?post=31178"}],"curies":[{"name":"wp","href":"https:\/\/api.w.org\/{rel}","templated":true}]}}