{"id":31120,"date":"2012-04-28T21:41:39","date_gmt":"2012-04-29T00:41:39","guid":{"rendered":"http:\/\/senoticias.com.br\/se\/?p=31120"},"modified":"2012-04-29T10:12:33","modified_gmt":"2012-04-29T13:12:33","slug":"oab-se-divulga-nota-sobre-triplo-homicio-no-huse","status":"publish","type":"post","link":"https:\/\/senoticias.com.br\/se\/oab-se-divulga-nota-sobre-triplo-homicio-no-huse\/","title":{"rendered":"OAB-SE divulga nota sobre triplo hom\u00edcidio no HUSE"},"content":{"rendered":"<div id=\"attachment_10022\" style=\"width: 235px\" class=\"wp-caption alignleft\"><a href=\"http:\/\/senoticias.com.br\/se\/wp-content\/uploads\/2011\/07\/OAB-SERGIPE.jpg\"><img loading=\"lazy\" decoding=\"async\" aria-describedby=\"caption-attachment-10022\" class=\"size-full wp-image-10022\" title=\"OAB-SERGIPE\" src=\"http:\/\/senoticias.com.br\/se\/wp-content\/uploads\/2011\/07\/OAB-SERGIPE.jpg\" alt=\"\" width=\"225\" height=\"169\" srcset=\"https:\/\/senoticias.com.br\/se\/wp-content\/uploads\/2011\/07\/OAB-SERGIPE.jpg 225w, https:\/\/senoticias.com.br\/se\/wp-content\/uploads\/2011\/07\/OAB-SERGIPE-60x45.jpg 60w, https:\/\/senoticias.com.br\/se\/wp-content\/uploads\/2011\/07\/OAB-SERGIPE-150x113.jpg 150w\" sizes=\"(max-width: 225px) 100vw, 225px\" \/><\/a><p id=\"caption-attachment-10022\" class=\"wp-caption-text\">OAB\/SE defende a preserva\u00e7\u00e3o dos Direitos Humanos, quando cobra rigorosas apura\u00e7\u00f5es Foto: (Reprodu\u00e7\u00e3o Internet)<\/p><\/div>\n<p style=\"text-align: justify;\">\u00a0\u201cDe extrema gravidade o triste epis\u00f3dio registrado na noite da \u00faltima sexta-feira, 27. Uma verdadeira trag\u00e9dia. A OAB\/SE em nome da sociedade civil exige rigorosas provid\u00eancias do Governo do Estado de Sergipe, da Secretaria de Seguran\u00e7a P\u00fablica, da Policia Militar e da Secretaria de Estado da Sa\u00fade, objetivando a urgente apura\u00e7\u00e3o dos fatos, delimitando, pormenorizadamente a responsabilidade de todos os envolvidos na ocorr\u00eancia.<\/p>\n<p style=\"text-align: justify;\">Quando a OAB\/SE defende a preserva\u00e7\u00e3o dos Direitos Humanos, quando cobra rigorosas apura\u00e7\u00f5es , a exemplo do caso do adolescente Jonatan, que ainda indica e permanece a suspeita de sua execu\u00e7\u00e3o por policiais, busca exatamente que situa\u00e7\u00f5es como essa n\u00e3o mais ocorram, pois ao contr\u00e1rio estar\u00edamos avalizando e autorizando a banaliza\u00e7\u00e3o da viol\u00eancia, deixando toda sociedade desprotegida e vulner\u00e1vel \u00e0s a\u00e7\u00f5es de policiais despreparados e\/ou que sofrem de problemas psicol\u00f3gicos. J\u00e1 chegou a hora do Governo do Estado chamar a feito \u00e0 ordem, e cobrar de seus agentes urgentes provid\u00eancias para uma mudan\u00e7a de comportamento e a\u00e7\u00f5es.<\/p>\n<p style=\"text-align: justify;\">Em menos de um m\u00eas j\u00e1 denunciamos o prec\u00e1rio estado das nossas penitenci\u00e1rias, do caso do adolescente Jonatan, que n\u00e3o \u00e9 o \u00fanico, e o drama que permanece diuturna e permanentemente \u00e0 sa\u00fade p\u00fablica no Estado. Ao mesmo tempo sinalizamos que estamos abertos para participar de toda e qualquer discuss\u00e3o na busca da minimiza\u00e7\u00e3o ou solu\u00e7\u00e3o de todos os problemas\u201d.<\/p>\n<p style=\"text-align: justify;\"><strong>Carlos Augusto Monteiro Nascimento<\/strong><br \/>\n<strong>Presidente da OAB\/SE<\/strong><\/p>\n","protected":false},"excerpt":{"rendered":"<p>\u00a0\u201cDe extrema gravidade o triste epis\u00f3dio registrado na noite da \u00faltima sexta-feira, 27. Uma verdadeira trag\u00e9dia. A OAB\/SE em nome da sociedade civil exige rigorosas provid\u00eancias do Governo do Estado de Sergipe, da Secretaria de Seguran\u00e7a P\u00fablica, da Policia Militar e da Secretaria de Estado da Sa\u00fade, objetivando a urgente apura\u00e7\u00e3o dos fatos, delimitando, pormenorizadamente [&hellip;]<\/p>\n","protected":false},"author":3,"featured_media":10022,"comment_status":"closed","ping_status":"closed","sticky":false,"template":"","format":"standard","meta":{"footnotes":""},"categories":[15],"tags":[],"class_list":{"0":"post-31120","1":"post","2":"type-post","3":"status-publish","4":"format-standard","5":"has-post-thumbnail","7":"category-destaques"},"_links":{"self":[{"href":"https:\/\/senoticias.com.br\/se\/wp-json\/wp\/v2\/posts\/31120"}],"collection":[{"href":"https:\/\/senoticias.com.br\/se\/wp-json\/wp\/v2\/posts"}],"about":[{"href":"https:\/\/senoticias.com.br\/se\/wp-json\/wp\/v2\/types\/post"}],"author":[{"embeddable":true,"href":"https:\/\/senoticias.com.br\/se\/wp-json\/wp\/v2\/users\/3"}],"replies":[{"embeddable":true,"href":"https:\/\/senoticias.com.br\/se\/wp-json\/wp\/v2\/comments?post=31120"}],"version-history":[{"count":0,"href":"https:\/\/senoticias.com.br\/se\/wp-json\/wp\/v2\/posts\/31120\/revisions"}],"wp:featuredmedia":[{"embeddable":true,"href":"https:\/\/senoticias.com.br\/se\/wp-json\/wp\/v2\/media\/10022"}],"wp:attachment":[{"href":"https:\/\/senoticias.com.br\/se\/wp-json\/wp\/v2\/media?parent=31120"}],"wp:term":[{"taxonomy":"category","embeddable":true,"href":"https:\/\/senoticias.com.br\/se\/wp-json\/wp\/v2\/categories?post=31120"},{"taxonomy":"post_tag","embeddable":true,"href":"https:\/\/senoticias.com.br\/se\/wp-json\/wp\/v2\/tags?post=31120"}],"curies":[{"name":"wp","href":"https:\/\/api.w.org\/{rel}","templated":true}]}}