{"id":31102,"date":"2012-04-28T15:43:36","date_gmt":"2012-04-28T18:43:36","guid":{"rendered":"http:\/\/senoticias.com.br\/se\/?p=31102"},"modified":"2012-04-30T10:00:08","modified_gmt":"2012-04-30T13:00:08","slug":"policia-apreende-carro-de-jogador-do-sao-paulo-com-r-10-mil-em-dividas-de-ipva","status":"publish","type":"post","link":"https:\/\/senoticias.com.br\/se\/policia-apreende-carro-de-jogador-do-sao-paulo-com-r-10-mil-em-dividas-de-ipva\/","title":{"rendered":"Pol\u00edcia apreende carro de jogador do S\u00e3o Paulo com R$ 10 mil em d\u00edvidas de IPVA"},"content":{"rendered":"<p><span style=\"color: #808080;\"><strong>De acordo com a PM, motorista tem 37 pontos na carteira; carro foi para o p\u00e1tio da CET<\/strong><\/span><\/p>\n<p><a href=\" http:\/\/noticias.r7.com\/sao-paulo\/noticias\/policia-apreende-carro-de-jogador-do-sao-paulo-com-r-10-mil-em-multas-20120428.html\" target=\"_blank\"><span style=\"color: #666699;\"><strong>Portal R7<\/strong><\/span><\/a><\/p>\n<div id=\"attachment_31103\" style=\"width: 605px\" class=\"wp-caption aligncenter\"><a href=\"http:\/\/senoticias.com.br\/se\/wp-content\/uploads\/2012\/04\/jogador-g-20120428.jpg\"><img loading=\"lazy\" decoding=\"async\" aria-describedby=\"caption-attachment-31103\" class=\"size-full wp-image-31103\" title=\"Policiais militares do comando de Policiamento de Tr\u00e2nsito (CPTRan) apreenderam, na manh\u00e3 deste s\u00e1bado (28), um carro com pend\u00eancias administrativas, pertencente a um de um jogador de futebol, na Barra Funda, zona oeste de S\u00e3o Paulo, SP. O jogador trafegava com seu ve\u00edculo, um Audi RS 5, pela rua na rua Nicolas B\u00f4er com viaduto Julio de Mequita Neto, por volta das 8h30, quando foi abordado pelos policiais. O carro estava sem a placa dianteira e com a placa traseira fora do padr\u00e3o.Foto: Rafael Brito\/Futura Press28\/04\/2012\" src=\"http:\/\/senoticias.com.br\/se\/wp-content\/uploads\/2012\/04\/jogador-g-20120428.jpg\" alt=\"\" width=\"595\" height=\"446\" srcset=\"https:\/\/senoticias.com.br\/se\/wp-content\/uploads\/2012\/04\/jogador-g-20120428.jpg 595w, https:\/\/senoticias.com.br\/se\/wp-content\/uploads\/2012\/04\/jogador-g-20120428-300x224.jpg 300w, https:\/\/senoticias.com.br\/se\/wp-content\/uploads\/2012\/04\/jogador-g-20120428-342x256.jpg 342w, https:\/\/senoticias.com.br\/se\/wp-content\/uploads\/2012\/04\/jogador-g-20120428-60x45.jpg 60w, https:\/\/senoticias.com.br\/se\/wp-content\/uploads\/2012\/04\/jogador-g-20120428-150x113.jpg 150w, https:\/\/senoticias.com.br\/se\/wp-content\/uploads\/2012\/04\/jogador-g-20120428-269x201.jpg 269w\" sizes=\"(max-width: 595px) 100vw, 595px\" \/><\/a><p id=\"caption-attachment-31103\" class=\"wp-caption-text\">Carro de Luis Fabiano \u00e9 apreendido na zona oeste de S\u00e3o Paulo | Rafael Brito\/Futura Press\/AE<\/p><\/div>\n<p style=\"text-align: justify;\">O carro do jogador de futebol do S\u00e3o Paulo Luis Fabiano foi apreendido, por volta das 8h40 deste s\u00e1bado (28), na avenida Marqu\u00eas de S\u00e3o Vicente, pr\u00f3ximo ao viaduto Julio de Mesquita Neto, na zona oeste de S\u00e3o Paulo. De acordo com a Pol\u00edcia Militar, o ve\u00edculo Audi estava sem placa dianteira e a placa traseira estava fora dos padr\u00f5es do Detran (Departamento de Tr\u00e2nsito). O carro tem ainda R$ 10 mil em d\u00edvidas de IPVA (Imposto sobre a Propriedade de Ve\u00edculos Automotores).<\/p>\n<p style=\"text-align: justify;\">A Pol\u00edcia Militar informou que o jogador tamb\u00e9m possui 37 pontos na CNH (Carteira Nacional de Habilita\u00e7\u00e3o) e j\u00e1 foi notificado por ter ultrapassado o m\u00ednimo permitido.<\/p>\n<p style=\"text-align: justify;\">O soldado que abordou o atleta, Luis Upiner dos Santos, contou que Luis Fabiano disse que havia adquirido o carro h\u00e1 poucos dias e, por isso, o ve\u00edculo estava em situa\u00e7\u00e3o irregular. Santos afirmou que o atleta foi totalmente sol\u00edcito e, em nenhum momento, desrespeitou os pedidos dos agentes durante a abordagem.<\/p>\n<p style=\"text-align: justify;\">Ap\u00f3s a vistoria, o jogador foi liberado e o ve\u00edculo foi conduzido para o p\u00e1tio da CET (Companhia de Engenharia de Tr\u00e1fego), situado na avenida Eduardo Paulo Freire, divisa de S\u00e3o Paulo com Guarulhos. De acordo com Upiner, um amigo do jogador foi busc\u00e1-lo no local.<\/p>\n<p style=\"text-align: justify;\">Procurado pelo R7, o assessor do atleta informou que n\u00e3o tinha informa\u00e7\u00f5es sobre o caso at\u00e9 a publica\u00e7\u00e3o desta not\u00edcia.<\/p>\n","protected":false},"excerpt":{"rendered":"<p>De acordo com a PM, motorista tem 37 pontos na carteira; carro foi para o p\u00e1tio da CET Portal R7 O carro do jogador de futebol do S\u00e3o Paulo Luis Fabiano foi apreendido, por volta das 8h40 deste s\u00e1bado (28), na avenida Marqu\u00eas de S\u00e3o Vicente, pr\u00f3ximo ao viaduto Julio de Mesquita Neto, na zona [&hellip;]<\/p>\n","protected":false},"author":3,"featured_media":31103,"comment_status":"closed","ping_status":"closed","sticky":false,"template":"","format":"standard","meta":{"footnotes":""},"categories":[38],"tags":[],"class_list":{"0":"post-31102","1":"post","2":"type-post","3":"status-publish","4":"format-standard","5":"has-post-thumbnail","7":"category-municipios"},"_links":{"self":[{"href":"https:\/\/senoticias.com.br\/se\/wp-json\/wp\/v2\/posts\/31102"}],"collection":[{"href":"https:\/\/senoticias.com.br\/se\/wp-json\/wp\/v2\/posts"}],"about":[{"href":"https:\/\/senoticias.com.br\/se\/wp-json\/wp\/v2\/types\/post"}],"author":[{"embeddable":true,"href":"https:\/\/senoticias.com.br\/se\/wp-json\/wp\/v2\/users\/3"}],"replies":[{"embeddable":true,"href":"https:\/\/senoticias.com.br\/se\/wp-json\/wp\/v2\/comments?post=31102"}],"version-history":[{"count":0,"href":"https:\/\/senoticias.com.br\/se\/wp-json\/wp\/v2\/posts\/31102\/revisions"}],"wp:featuredmedia":[{"embeddable":true,"href":"https:\/\/senoticias.com.br\/se\/wp-json\/wp\/v2\/media\/31103"}],"wp:attachment":[{"href":"https:\/\/senoticias.com.br\/se\/wp-json\/wp\/v2\/media?parent=31102"}],"wp:term":[{"taxonomy":"category","embeddable":true,"href":"https:\/\/senoticias.com.br\/se\/wp-json\/wp\/v2\/categories?post=31102"},{"taxonomy":"post_tag","embeddable":true,"href":"https:\/\/senoticias.com.br\/se\/wp-json\/wp\/v2\/tags?post=31102"}],"curies":[{"name":"wp","href":"https:\/\/api.w.org\/{rel}","templated":true}]}}