{"id":31095,"date":"2012-04-28T12:25:52","date_gmt":"2012-04-28T15:25:52","guid":{"rendered":"http:\/\/senoticias.com.br\/se\/?p=31095"},"modified":"2012-04-28T12:28:33","modified_gmt":"2012-04-28T15:28:33","slug":"policia-militar-prende-mulher-por-matar-filha-recem-nascida-e-jogar-em-esgoto","status":"publish","type":"post","link":"https:\/\/senoticias.com.br\/se\/policia-militar-prende-mulher-por-matar-filha-recem-nascida-e-jogar-em-esgoto\/","title":{"rendered":"Pol\u00edcia Militar prende mulher por matar filha rec\u00e9m nascida e jogar em esgoto"},"content":{"rendered":"<p style=\"text-align: justify;\"><a href=\"http:\/\/senoticias.com.br\/se\/wp-content\/uploads\/2011\/04\/Pol%C3%ADcia-Militar.jpg\"><img loading=\"lazy\" decoding=\"async\" class=\"alignleft size-full wp-image-5482\" title=\"Pol\u00edcia Militar\" src=\"http:\/\/senoticias.com.br\/se\/wp-content\/uploads\/2011\/04\/Pol%C3%ADcia-Militar.jpg\" alt=\"\" width=\"129\" height=\"160\" \/><\/a>A Pol\u00edcia Militar, atrav\u00e9s da 3\u00aa Companhia do 6\u00ba Batalh\u00e3o de Pol\u00edcia Militar (3\u00aa Cia\/6\u00ba BPM), prendeu na tarde de sexta-feira, 27, Daria Batista dos Santos, 19 anos, ap\u00f3s ter matado a pr\u00f3pria filha rec\u00e9m nascida. A pris\u00e3o ocorreu no munic\u00edpio de Itabaianinha.<\/p>\n<p style=\"text-align: justify;\">A a\u00e7\u00e3o aconteceu por volta das 15h, quando uma guarni\u00e7\u00e3o composta pelo sargento Morais e cabo Ronaldo recebeu a informa\u00e7\u00e3o \u2013 via Ciosp 190 \u2013 de que o crime teria ocorrido no bairro Mutir\u00e3o, na referida cidade. \u201cMoradores da localidade disseram ter encontrado o corpo de uma crian\u00e7a em um esgoto, dentro de uma caixa de papel\u00e3o e enrolado em uma bolsa pl\u00e1stica\u201d, mencionou o sargento Morais.<\/p>\n<p style=\"text-align: justify;\">Os policiais militares acionaram o Instituto M\u00e9dico Legal (IML) e o Instituto de Criminal\u00edstica ap\u00f3s confirmarem o fato; e seguiram em busca dos poss\u00edveis autores do crime. Populares informaram que Daria Batista era suspeita.<\/p>\n<p style=\"text-align: justify;\">\u201cA mulher informou que teve a crian\u00e7a na pr\u00f3pria resid\u00eancia, por volta das 8h30 da sexta-feira, 27, sem o conhecimento dos familiares. Ela confessou que cometeu o crime por estar em um momento de fraqueza\u201d, relatou o cabo Ronaldo. O caso foi encaminhado \u00e0 Delegacia de Pol\u00edcia Civil de Est\u00e2ncia.<\/p>\n<p style=\"text-align: justify;\">Ascom\/PM<\/p>\n","protected":false},"excerpt":{"rendered":"<p>A Pol\u00edcia Militar, atrav\u00e9s da 3\u00aa Companhia do 6\u00ba Batalh\u00e3o de Pol\u00edcia Militar (3\u00aa Cia\/6\u00ba BPM), prendeu na tarde de sexta-feira, 27, Daria Batista dos Santos, 19 anos, ap\u00f3s ter matado a pr\u00f3pria filha rec\u00e9m nascida. A pris\u00e3o ocorreu no munic\u00edpio de Itabaianinha. A a\u00e7\u00e3o aconteceu por volta das 15h, quando uma guarni\u00e7\u00e3o composta pelo [&hellip;]<\/p>\n","protected":false},"author":3,"featured_media":5482,"comment_status":"closed","ping_status":"closed","sticky":false,"template":"","format":"standard","meta":{"footnotes":""},"categories":[7],"tags":[],"class_list":{"0":"post-31095","1":"post","2":"type-post","3":"status-publish","4":"format-standard","5":"has-post-thumbnail","7":"category-policia"},"_links":{"self":[{"href":"https:\/\/senoticias.com.br\/se\/wp-json\/wp\/v2\/posts\/31095"}],"collection":[{"href":"https:\/\/senoticias.com.br\/se\/wp-json\/wp\/v2\/posts"}],"about":[{"href":"https:\/\/senoticias.com.br\/se\/wp-json\/wp\/v2\/types\/post"}],"author":[{"embeddable":true,"href":"https:\/\/senoticias.com.br\/se\/wp-json\/wp\/v2\/users\/3"}],"replies":[{"embeddable":true,"href":"https:\/\/senoticias.com.br\/se\/wp-json\/wp\/v2\/comments?post=31095"}],"version-history":[{"count":0,"href":"https:\/\/senoticias.com.br\/se\/wp-json\/wp\/v2\/posts\/31095\/revisions"}],"wp:featuredmedia":[{"embeddable":true,"href":"https:\/\/senoticias.com.br\/se\/wp-json\/wp\/v2\/media\/5482"}],"wp:attachment":[{"href":"https:\/\/senoticias.com.br\/se\/wp-json\/wp\/v2\/media?parent=31095"}],"wp:term":[{"taxonomy":"category","embeddable":true,"href":"https:\/\/senoticias.com.br\/se\/wp-json\/wp\/v2\/categories?post=31095"},{"taxonomy":"post_tag","embeddable":true,"href":"https:\/\/senoticias.com.br\/se\/wp-json\/wp\/v2\/tags?post=31095"}],"curies":[{"name":"wp","href":"https:\/\/api.w.org\/{rel}","templated":true}]}}