{"id":31091,"date":"2012-04-28T11:49:12","date_gmt":"2012-04-28T14:49:12","guid":{"rendered":"http:\/\/senoticias.com.br\/se\/?p=31091"},"modified":"2012-04-28T11:53:46","modified_gmt":"2012-04-28T14:53:46","slug":"populacao-prestigia-encerramento-da-semana-da-caatinga","status":"publish","type":"post","link":"https:\/\/senoticias.com.br\/se\/populacao-prestigia-encerramento-da-semana-da-caatinga\/","title":{"rendered":"Popula\u00e7\u00e3o prestigia encerramento da Semana da Caatinga"},"content":{"rendered":"<p>&nbsp;<\/p>\n<div id=\"attachment_31092\" style=\"width: 310px\" class=\"wp-caption alignleft\"><a href=\"http:\/\/senoticias.com.br\/se\/wp-content\/uploads\/2012\/04\/DSC03050.jpg\"><img loading=\"lazy\" decoding=\"async\" aria-describedby=\"caption-attachment-31092\" class=\"size-medium wp-image-31092\" title=\"DSC03050\" src=\"http:\/\/senoticias.com.br\/se\/wp-content\/uploads\/2012\/04\/DSC03050-300x225.jpg\" alt=\"\" width=\"300\" height=\"225\" srcset=\"https:\/\/senoticias.com.br\/se\/wp-content\/uploads\/2012\/04\/DSC03050-300x225.jpg 300w, https:\/\/senoticias.com.br\/se\/wp-content\/uploads\/2012\/04\/DSC03050-342x256.jpg 342w, https:\/\/senoticias.com.br\/se\/wp-content\/uploads\/2012\/04\/DSC03050-60x45.jpg 60w, https:\/\/senoticias.com.br\/se\/wp-content\/uploads\/2012\/04\/DSC03050-150x113.jpg 150w, https:\/\/senoticias.com.br\/se\/wp-content\/uploads\/2012\/04\/DSC03050-269x201.jpg 269w, https:\/\/senoticias.com.br\/se\/wp-content\/uploads\/2012\/04\/DSC03050.jpg 614w\" sizes=\"(max-width: 300px) 100vw, 300px\" \/><\/a><p id=\"caption-attachment-31092\" class=\"wp-caption-text\">Popula\u00e7\u00e3o prestigia encerramento da Semana da Caatinga. (Foto:Ascom Semarh.se.gov.br)<\/p><\/div>\n<p style=\"text-align: justify;\">Encerrando a Semana da Caatinga, a Secretaria do Meio Ambiente e dos Recursos H\u00eddricos (Semarh) realizou na tarde de hoje, 27, a programa\u00e7\u00e3o em comemora\u00e7\u00e3o ao Dia Nacional da Caatinga (28 abril), com apresenta\u00e7\u00e3o do Concerto da Orquestra Sanf\u00f4nica de Aracaju e da exposi\u00e7\u00e3o \u201cUm Olhar sobre a Caatinga\u201d. O evento aconteceu na pra\u00e7a Fausto Cardoso, em frente ao Pal\u00e1cio Museu Ol\u00edmpio Campos, com a participa\u00e7\u00e3o do secretario do Meio Ambiente, Genival Nunes.<\/p>\n<p style=\"text-align: justify;\">Durante a comemora\u00e7\u00e3o, curiosos, alunos e turistas que passavam pelo local ficaram maravilhados com a tamanha diversidade que a caatinga oferece ao v\u00ea a exposi\u00e7\u00e3o montada na pra\u00e7a, em que foi mostrada a paisagem da fauna e da flora da caatinga, assim como o seu artesanato, frutas e verduras da regi\u00e3o. Todos tamb\u00e9m pararam para assistir a apresenta\u00e7\u00e3o da Orquestra Sanf\u00f4nica, tocando m\u00fasicas populares.<\/p>\n<p style=\"text-align: justify;\">A turista M\u00e9rcia Andrade, do interior de S\u00e3o Paulo, disse que ficou admirada em conhecer uma outra realidade do bioma caatinga. \u201cTemos um conceito muito diferente do que \u00e9 a caatinga, e vendo essas fotos nos deparamos com outra realidade daquilo que aprendemos e ouvimos, e isso, foi um grande presente que recebi durante essa comemora\u00e7\u00e3o\u201d, afirma.<\/p>\n<p style=\"text-align: justify;\">O diretor de Pol\u00edtica Agr\u00e1ria da Federa\u00e7\u00e3o dos Trabalhadores na Agricultura do Estado de Sergipe (FETASE), Alberto Marques, que prestigiou o evento em comemora\u00e7\u00e3o a Semana da Caatinga,\u00a0 destacou que Sergipe est\u00e1 fazendo seu plano Estadual de Combate \u00e0 Desertifica\u00e7\u00e3o e Mitiga\u00e7\u00e3o dos Efeitos da Seca (PAE\/SE) com estrat\u00e9gias de atender as determina\u00e7\u00f5es do PAN-Brasil, combatendo o \u00eaxodo rural, dando oportunidade as fam\u00edlias permanecerem no campo atrav\u00e9s das politicas p\u00fablicas que mitigam esses efeitos.<\/p>\n<p style=\"text-align: justify;\">Para a superintendente de \u00c1reas Protegidas Biodiversidade e Florestas da Semarh, Valdineide a exposi\u00e7\u00e3o \u201cUm Olhar sobre a Caatinga\u201d estimulou a popula\u00e7\u00e3o do litoral a ter uma vis\u00e3o diferente do \u00fanico bioma exclusivamente brasileiro que mant\u00e9m grande potencial biol\u00f3gico. \u201cEla tem como foco registar a diversidade das belezas c\u00eanicas da regi\u00e3o, retirando a ideia da paisagem dominada por cactos e seca, abordando o cen\u00e1rio cinzento do per\u00edodo da estiagem com aspectos da vegeta\u00e7\u00e3o espinhosa e sem folhas, em que alguns animais resistentes d\u00e3o lugar a uma transforma\u00e7\u00e3o m\u00e1gica e uma variedade de organismo em formas de cores singulares que modificam toda a paisagem logo ap\u00f3s as primeiras chuvas de inverno\u201d.<\/p>\n<p style=\"text-align: justify;\">\u201cIsso desmistifica o conceito de que a Caatinga \u00e9 um ecossistema improdutivo e pobre em diversidade. E a partir de hoje as pessoas v\u00e3o perceber que esse bioma oferece riquezas atrav\u00e9s de sua fauna e flora, contando com um povo forte e trabalhador resistente \u00e0s diversidades do clima\u201d, comemora Valdineide.<\/p>\n<p style=\"text-align: justify;\">J\u00e1 o secretario do Meio Ambiente, Genival Nunes,\u00a0 destacou as a\u00e7\u00f5es que o Governo do Estado vem exercendo em fun\u00e7\u00e3o da preserva\u00e7\u00e3o da caatinga, atrav\u00e9s do Monumento Natural Grota do Angico, unidade de conserva\u00e7\u00e3o protegida pela Semarh. \u201cO Mona, al\u00e9m de ser a primeira unidade de conserva\u00e7\u00e3o criada pelo Governo de Sergipe no bioma caatinga, protege hoje atrav\u00e9s da Semarh cerca de 2.180 hectares de vegeta\u00e7\u00e3o nativa, destinada a pesquisa, educa\u00e7\u00e3o ambiental e turismo\u201d, ponderou.<\/p>\n<p style=\"text-align: justify;\">De acordo com Genival, al\u00e9m da biodiversidade que o Mona oferece a regi\u00e3o se destaca pelo seu valor cultural e hist\u00f3rico, uma vez que o local marcou a morte de Lampi\u00e3o e de seu bando dando fim ao movimento do canga\u00e7o.<\/p>\n<p style=\"text-align: justify;\"><strong>Saiba um pouco mais sobre a Caatinga<\/strong><\/p>\n<p style=\"text-align: justify;\">Forma\u00e7\u00e3o vegetal encontrada na regi\u00e3o do semi-\u00e1rido nordestino, embora tamb\u00e9m presente nas regi\u00f5es extremo norte, de Minas Gerais e sul dos estados do Maranh\u00e3o e Piau\u00ed, a Caatinga \u00e9 t\u00edpica de regi\u00f5es com baixo \u00edndice de chuvas. Algumas de suas caracter\u00edsticas: solo seco, presen\u00e7a de cactos e brom\u00e9lias e forte presen\u00e7a de arbustos com galhos retorcidos e com ra\u00edzes profundas. De rica fauna, h\u00e1 nela centenas de esp\u00e9cies, a exemplo do Veado-catingueiro, Pre\u00e1s, Gamb\u00e1s, Sapo-cururu, Cutia, Tatu-peba dentre outros.<\/p>\n<p style=\"text-align: justify;\"><span style=\"color: #808080;\"><strong>Ascom\/ Semarh<\/strong><\/span><\/p>\n","protected":false},"excerpt":{"rendered":"<p>&nbsp; Encerrando a Semana da Caatinga, a Secretaria do Meio Ambiente e dos Recursos H\u00eddricos (Semarh) realizou na tarde de hoje, 27, a programa\u00e7\u00e3o em comemora\u00e7\u00e3o ao Dia Nacional da Caatinga (28 abril), com apresenta\u00e7\u00e3o do Concerto da Orquestra Sanf\u00f4nica de Aracaju e da exposi\u00e7\u00e3o \u201cUm Olhar sobre a Caatinga\u201d. O evento aconteceu na pra\u00e7a [&hellip;]<\/p>\n","protected":false},"author":3,"featured_media":31092,"comment_status":"closed","ping_status":"closed","sticky":false,"template":"","format":"standard","meta":{"footnotes":""},"categories":[38],"tags":[],"class_list":{"0":"post-31091","1":"post","2":"type-post","3":"status-publish","4":"format-standard","5":"has-post-thumbnail","7":"category-municipios"},"_links":{"self":[{"href":"https:\/\/senoticias.com.br\/se\/wp-json\/wp\/v2\/posts\/31091"}],"collection":[{"href":"https:\/\/senoticias.com.br\/se\/wp-json\/wp\/v2\/posts"}],"about":[{"href":"https:\/\/senoticias.com.br\/se\/wp-json\/wp\/v2\/types\/post"}],"author":[{"embeddable":true,"href":"https:\/\/senoticias.com.br\/se\/wp-json\/wp\/v2\/users\/3"}],"replies":[{"embeddable":true,"href":"https:\/\/senoticias.com.br\/se\/wp-json\/wp\/v2\/comments?post=31091"}],"version-history":[{"count":0,"href":"https:\/\/senoticias.com.br\/se\/wp-json\/wp\/v2\/posts\/31091\/revisions"}],"wp:featuredmedia":[{"embeddable":true,"href":"https:\/\/senoticias.com.br\/se\/wp-json\/wp\/v2\/media\/31092"}],"wp:attachment":[{"href":"https:\/\/senoticias.com.br\/se\/wp-json\/wp\/v2\/media?parent=31091"}],"wp:term":[{"taxonomy":"category","embeddable":true,"href":"https:\/\/senoticias.com.br\/se\/wp-json\/wp\/v2\/categories?post=31091"},{"taxonomy":"post_tag","embeddable":true,"href":"https:\/\/senoticias.com.br\/se\/wp-json\/wp\/v2\/tags?post=31091"}],"curies":[{"name":"wp","href":"https:\/\/api.w.org\/{rel}","templated":true}]}}