{"id":31059,"date":"2012-04-27T23:34:59","date_gmt":"2012-04-28T02:34:59","guid":{"rendered":"http:\/\/senoticias.com.br\/se\/?p=31059"},"modified":"2012-04-28T18:55:14","modified_gmt":"2012-04-28T21:55:15","slug":"homem-invade-huse-se-dizendo-policial-executa-tres-pessoas-e-sai-tranquilo","status":"publish","type":"post","link":"https:\/\/senoticias.com.br\/se\/homem-invade-huse-se-dizendo-policial-executa-tres-pessoas-e-sai-tranquilo\/","title":{"rendered":"TRAG\u00c9DIA: HOMEM INVADE HUSE, SE DIZENDO POLICIAL, EXECUTA TR\u00caS PESSOAS E SAI TRANQUILO"},"content":{"rendered":"<p style=\"text-align: justify;\"><a href=\"  http:\/\/www.faxaju.com.br\/viz_conteudo.asp?id=138900\" target=\"_blank\"><br \/>\n<\/a><\/p>\n<p>\u00a0\u00a0\u00a0\u00a0 <strong>Atualizado \u00e0s 23:40 horas<\/strong><\/p>\n<div id=\"attachment_31070\" style=\"width: 310px\" class=\"wp-caption alignleft\"><a href=\"http:\/\/senoticias.com.br\/se\/wp-content\/uploads\/2012\/04\/Sandoval.jpg\"><img loading=\"lazy\" decoding=\"async\" aria-describedby=\"caption-attachment-31070\" class=\"size-medium wp-image-31070\" title=\"Sandoval\" src=\"http:\/\/senoticias.com.br\/se\/wp-content\/uploads\/2012\/04\/Sandoval-300x225.jpg\" alt=\"\" width=\"300\" height=\"225\" srcset=\"https:\/\/senoticias.com.br\/se\/wp-content\/uploads\/2012\/04\/Sandoval-300x225.jpg 300w, https:\/\/senoticias.com.br\/se\/wp-content\/uploads\/2012\/04\/Sandoval-60x45.jpg 60w, https:\/\/senoticias.com.br\/se\/wp-content\/uploads\/2012\/04\/Sandoval-150x113.jpg 150w, https:\/\/senoticias.com.br\/se\/wp-content\/uploads\/2012\/04\/Sandoval-269x201.jpg 269w, https:\/\/senoticias.com.br\/se\/wp-content\/uploads\/2012\/04\/Sandoval.jpg 320w\" sizes=\"(max-width: 300px) 100vw, 300px\" \/><\/a><p id=\"caption-attachment-31070\" class=\"wp-caption-text\">Uma das v\u00edtimas. (Foto Sandoval Not\u00edcias)<\/p><\/div>\n<p style=\"text-align: justify;\">Um homem, que se anunciou como policial, invadiu o Hospital de Urg\u00eancias de Sergipe (HUSE), por volta das 22:30 horas desta sexta-feira (27) e executou tr\u00eas pessoas, entre elas o filho de um ex-funcion\u00e1rio do hospital, que estava em uma cadeira de rodas para ser atendido pelos m\u00e9dicos.<\/p>\n<p style=\"text-align: justify;\">O criminoso chegou ao hospital e perguntou a um dos m\u00e9dicos onde era a Sala de Sutura. Com a informa\u00e7\u00e3o, foi at\u00e9 l\u00e1 e atirou em dois homens que estavam sendo atendidos, depois de tirar um deles da maca e jog\u00e1-lo no ch\u00e3o, j\u00e1 morto. O filho do ex-funcion\u00e1rio, que n\u00e3o tinha nada a ver com o caso tamb\u00e9m recebeu tiros e morreu. O homem atirou e saiu tranq\u00fcilamente, fugindo em um ve\u00edculo.<\/p>\n<p style=\"text-align: justify;\">Segundo <strong>Thiago Reis<\/strong>, que estava no local, houve uma briga em local fora do hospital entre tr\u00eas homens e o irm\u00e3o do homem que se disse policial foi assassinado. Os outros dois foram para o <strong>HUSE<\/strong> feridos, foi quando chegou o assassino e os executou friamente, com v\u00e1rios tiros de rev\u00f3lver. Da\u00ed deu-se o p\u00e2nico.<\/p>\n<div id=\"attachment_31072\" style=\"width: 310px\" class=\"wp-caption alignleft\"><a href=\"http:\/\/senoticias.com.br\/se\/wp-content\/uploads\/2012\/04\/013.jpg\"><img loading=\"lazy\" decoding=\"async\" aria-describedby=\"caption-attachment-31072\" class=\"size-medium wp-image-31072\" title=\"013\" src=\"http:\/\/senoticias.com.br\/se\/wp-content\/uploads\/2012\/04\/013-300x225.jpg\" alt=\"\" width=\"300\" height=\"225\" srcset=\"https:\/\/senoticias.com.br\/se\/wp-content\/uploads\/2012\/04\/013-300x225.jpg 300w, https:\/\/senoticias.com.br\/se\/wp-content\/uploads\/2012\/04\/013-60x45.jpg 60w, https:\/\/senoticias.com.br\/se\/wp-content\/uploads\/2012\/04\/013-150x113.jpg 150w, https:\/\/senoticias.com.br\/se\/wp-content\/uploads\/2012\/04\/013-269x201.jpg 269w, https:\/\/senoticias.com.br\/se\/wp-content\/uploads\/2012\/04\/013.jpg 320w\" sizes=\"(max-width: 300px) 100vw, 300px\" \/><\/a><p id=\"caption-attachment-31072\" class=\"wp-caption-text\">Corpo aguardando  liberara\u00e7\u00e3o. (Sandoval Not\u00edcias)<\/p><\/div>\n<p style=\"text-align: justify;\">O pessoal acredita que o homem seja mesmo policial porque os m\u00e9dicos deram informa\u00e7\u00f5es, sem saber do que se tratava: \u201ca indica\u00e7\u00e3o s\u00f3 foi feita porque ele se identificou\u201d, disse um servidor ainda tenso pelo que ocorreu em curto espa\u00e7o de tempo.<\/p>\n<p style=\"text-align: justify;\">Os funcion\u00e1rios passaram a correr por dentro do hospital ao gritos, outros se escondiam em salas e at\u00e9 embaixo de pias. Percebeu-se p\u00e2nico. A maioria se queixou da falta de seguran\u00e7a no hospital e lamentou que o presidente da Funda\u00e7\u00e3o Hospitalar, Emanoel Messias, n\u00e3o compareceu ao local e mandou apenas um representante.<\/p>\n<div id=\"attachment_31071\" style=\"width: 310px\" class=\"wp-caption alignleft\"><a href=\"http:\/\/senoticias.com.br\/se\/wp-content\/uploads\/2012\/04\/006.jpg\"><img loading=\"lazy\" decoding=\"async\" aria-describedby=\"caption-attachment-31071\" class=\"size-medium wp-image-31071\" title=\"006\" src=\"http:\/\/senoticias.com.br\/se\/wp-content\/uploads\/2012\/04\/006-300x225.jpg\" alt=\"\" width=\"300\" height=\"225\" srcset=\"https:\/\/senoticias.com.br\/se\/wp-content\/uploads\/2012\/04\/006-300x225.jpg 300w, https:\/\/senoticias.com.br\/se\/wp-content\/uploads\/2012\/04\/006-60x45.jpg 60w, https:\/\/senoticias.com.br\/se\/wp-content\/uploads\/2012\/04\/006-150x113.jpg 150w, https:\/\/senoticias.com.br\/se\/wp-content\/uploads\/2012\/04\/006-269x201.jpg 269w, https:\/\/senoticias.com.br\/se\/wp-content\/uploads\/2012\/04\/006.jpg 320w\" sizes=\"(max-width: 300px) 100vw, 300px\" \/><\/a><p id=\"caption-attachment-31071\" class=\"wp-caption-text\">Essa v\u00edtima foi exeutada na Cadeira de Rodas. (Sandoval Not\u00edcias)<\/p><\/div>\n<p style=\"text-align: justify;\">V\u00e1rias ambul\u00e2ncias chegaram e ficaram sem condi\u00e7\u00f5es de estacionar e liberar pacientes para atendimento. Em frente do hospital v\u00e1rios carros da pol\u00edcia estacionam e uma multid\u00e3o se formou em frente ao hospital. As sextas-feiras geralmente s\u00e3o de grande movimento, mas a urg\u00eancia suspendeu o atendimento por um momento.<\/p>\n<p style=\"text-align: justify;\"><strong>atualiza\u00e7\u00e3o a 01:27 de sabado (28)<\/strong><\/p>\n<p style=\"text-align: justify;\">O tenente Genilson, do Comando do Policiamento do Interior \u00e9 o acusado de cometer o crime. A informa\u00e7\u00e3o \u00e9 de uma fonte policial, que adiantou a decreta\u00e7\u00e3o de sua pris\u00e3o. As buscas est\u00e3o sendo feitas em toda a cidade, na tentativa de prend\u00ea-lo.<\/p>\n<p style=\"text-align: justify;\">Segundo informa\u00e7\u00e3o mais recente, o secret\u00e1rio de Seguran\u00e7a, Jo\u00e3o Eloy, foi ao HUSE e acompanhou de perto a trag\u00e9dia ocorrida com o assassinato de tr\u00eas homens em uma das salas da urg\u00eancia do hospital. Tamb\u00e9m esteve l\u00e1 o secret\u00e1rio da Sa\u00fade, Ant\u00f4nio Carlos Guimar\u00e3es.<\/p>\n<p style=\"text-align: justify;\"><strong>Atualiza\u00e7\u00e3o \u00e0s 02:35 horas<\/strong><\/p>\n<p style=\"text-align: justify;\"><span style=\"color: #ff0000;\"><strong>GOVERNO APURA HOM\u00cdC\u00cdDIOS<\/strong><\/span><\/p>\n<p style=\"text-align: justify;\">O Governo de Sergipe, atrav\u00e9s das Secretarias de Estado da Seguran\u00e7a P\u00fablica (SSP) e da Sa\u00fade (SES), est\u00e3o acompanhando desde o in\u00edcio os fatos que envolvem os quatro homic\u00eddios ocorridos na noite desta sexta-feira, 27, dentro da ala verde do Hospital de Urg\u00eancia de Sergipe (Huse), no bairro Capucho, em Aracaju. Uma for\u00e7a-tarefa foi montada.<\/p>\n<p style=\"text-align: justify;\">Os secret\u00e1rios das duas pastas, Jo\u00e3o Eloy de Menezes (SSP) e Ant\u00f4nio Carlos Guimar\u00e3es (SES), est\u00e3o acompanhando no momento os trabalhos das pol\u00edcias Militar, Civil e T\u00e9cnica, e da Funda\u00e7\u00e3o Hospitalar de Sergipe. A investiga\u00e7\u00e3o das mortes e as buscas pelos autores come\u00e7aram de imediato.<\/p>\n<p style=\"text-align: justify;\"><strong>Tiros &#8211;<\/strong> At\u00e9 o momento, foi apurado que um tenente da Pol\u00edcia Militar, identificado como Genilson Alves de Souza, estaria \u00e0 frente de tr\u00eas dos assassinatos. O irm\u00e3o dele, Jailson Alves de Souza, teria se envolvido num tiroteio no bairro Santa Gleide, quando foi alvejado por Adalberto Santos Silva, tamb\u00e9m atingido.<\/p>\n<p style=\"text-align: justify;\">Dois outros homens que estavam no local tamb\u00e9m ficaram feridos e foram igualmente levados para o Huse. Os dois, identificados como <strong>M\u00e1rcio Alves dos Santos e Cleidson dos Santos<\/strong>, estavam sendo atendidos juntamente com <strong>Jailson e Adalberto<\/strong>. Quando o irm\u00e3o do policial militar faleceu, este se desesperou.<\/p>\n<p style=\"text-align: justify;\">A partir deste momento, segundo depoimentos de outros pacientes e de funcion\u00e1rios do hospital, o tenente <strong>Genilson<\/strong>, que estava \u00e0 paisana, fez diversos disparos contra os outros tr\u00eas feridos e depois fugiu do local. Ele estaria acompanhado de mais um ou dois outros homens. Vigilantes da unidade e PMs que estavam acompanhando o caso tentaram cont\u00ea-los, mas evitaram confronto para que mais pessoas n\u00e3o fossem feridas por tiros.<\/p>\n<p style=\"text-align: justify;\"><strong>Medidas &#8211;<\/strong> A partir deste momento, foram mobilizadas equipes de unidades especializadas da Pol\u00edcia Militar para refor\u00e7ar a seguran\u00e7a no hospital e capturar o tenente e seus poss\u00edveis c\u00famplices. Dois homens foram presos: <strong>Ralf Souza Monteiro e Ginaldo Alves de Souza<\/strong> (sobrinho e irm\u00e3o do tenente, respectivamente), que teriam envolvimento no caso e est\u00e3o sendo interrogados. A Pol\u00edcia Civil, por meio do Departamento de Homic\u00eddios, j\u00e1 iniciou as investiga\u00e7\u00f5es, com aux\u00edlio do Instituto de Per\u00edcias e IML.<\/p>\n<p style=\"text-align: justify;\">O equil\u00edbrio dos funcion\u00e1rios e dos pacientes do hospital foi essencial para que o fato n\u00e3o tivesse maiores propor\u00e7\u00f5es. A aten\u00e7\u00e3o e o atendimento foi normalizado \u00e0 medida que os trabalhos investigativos eram realizados. O Governo lamenta os fatos e continua dando toda a assist\u00eancia e aux\u00edlio necess\u00e1rios \u00e0s fam\u00edlias e est\u00e1 colaborando para a elucida\u00e7\u00e3o do crime.<\/p>\n<p style=\"text-align: justify;\"><strong><span style=\"color: #333333;\"><br \/>\n<\/span><\/strong><\/p>\n<p style=\"text-align: justify;\"><strong>SE Not\u00edcias com informa\u00e7\u00f5es do Fax Aju.<\/strong><\/p>\n<p style=\"text-align: justify;\"><strong>Fotos de Sandoval Not\u00edcias.<\/strong><\/p>\n","protected":false},"excerpt":{"rendered":"<p>\u00a0\u00a0\u00a0\u00a0 Atualizado \u00e0s 23:40 horas Um homem, que se anunciou como policial, invadiu o Hospital de Urg\u00eancias de Sergipe (HUSE), por volta das 22:30 horas desta sexta-feira (27) e executou tr\u00eas pessoas, entre elas o filho de um ex-funcion\u00e1rio do hospital, que estava em uma cadeira de rodas para ser atendido pelos m\u00e9dicos. O criminoso [&hellip;]<\/p>\n","protected":false},"author":3,"featured_media":31070,"comment_status":"closed","ping_status":"closed","sticky":false,"template":"","format":"standard","meta":{"footnotes":""},"categories":[7],"tags":[],"class_list":{"0":"post-31059","1":"post","2":"type-post","3":"status-publish","4":"format-standard","5":"has-post-thumbnail","7":"category-policia"},"_links":{"self":[{"href":"https:\/\/senoticias.com.br\/se\/wp-json\/wp\/v2\/posts\/31059"}],"collection":[{"href":"https:\/\/senoticias.com.br\/se\/wp-json\/wp\/v2\/posts"}],"about":[{"href":"https:\/\/senoticias.com.br\/se\/wp-json\/wp\/v2\/types\/post"}],"author":[{"embeddable":true,"href":"https:\/\/senoticias.com.br\/se\/wp-json\/wp\/v2\/users\/3"}],"replies":[{"embeddable":true,"href":"https:\/\/senoticias.com.br\/se\/wp-json\/wp\/v2\/comments?post=31059"}],"version-history":[{"count":0,"href":"https:\/\/senoticias.com.br\/se\/wp-json\/wp\/v2\/posts\/31059\/revisions"}],"wp:featuredmedia":[{"embeddable":true,"href":"https:\/\/senoticias.com.br\/se\/wp-json\/wp\/v2\/media\/31070"}],"wp:attachment":[{"href":"https:\/\/senoticias.com.br\/se\/wp-json\/wp\/v2\/media?parent=31059"}],"wp:term":[{"taxonomy":"category","embeddable":true,"href":"https:\/\/senoticias.com.br\/se\/wp-json\/wp\/v2\/categories?post=31059"},{"taxonomy":"post_tag","embeddable":true,"href":"https:\/\/senoticias.com.br\/se\/wp-json\/wp\/v2\/tags?post=31059"}],"curies":[{"name":"wp","href":"https:\/\/api.w.org\/{rel}","templated":true}]}}