{"id":31052,"date":"2012-04-27T22:35:11","date_gmt":"2012-04-28T01:35:11","guid":{"rendered":"http:\/\/senoticias.com.br\/se\/?p=31052"},"modified":"2012-04-29T18:13:25","modified_gmt":"2012-04-29T21:13:25","slug":"vereador-condenado-por-trafico-de-drogas-reassume-vaga-na-camara","status":"publish","type":"post","link":"https:\/\/senoticias.com.br\/se\/vereador-condenado-por-trafico-de-drogas-reassume-vaga-na-camara\/","title":{"rendered":"Vereador condenado por tr\u00e1fico de drogas reassume vaga na C\u00e2mara, assista o v\u00eddeo"},"content":{"rendered":"<div id=\"attachment_31054\" style=\"width: 266px\" class=\"wp-caption alignleft\"><a href=\"http:\/\/senoticias.com.br\/se\/wp-content\/uploads\/2012\/04\/644069964.jpg\"><img loading=\"lazy\" decoding=\"async\" aria-describedby=\"caption-attachment-31054\" class=\"size-full wp-image-31054\" title=\"\" src=\"http:\/\/senoticias.com.br\/se\/wp-content\/uploads\/2012\/04\/644069964.jpg\" alt=\"\" width=\"256\" height=\"199\" \/><\/a><p id=\"caption-attachment-31054\" class=\"wp-caption-text\">Vereador Joanir Subtil Viana est\u00e1 em regime semiaberto.(MercosulNews)<\/p><\/div>\n<p style=\"text-align: justify;\">O vereador Joanir Subtil Viana (PMDB) reassumiu nesta quinta-feira (26) a vaga de vereador da C\u00e2mara de Ponta Por\u00e3, cidade distante 346 quil\u00f4metros de Campo Grande. O parlamentar foi preso pela primeira vez em abril de 2009 acusado de envolvimento com o tr\u00e1fico de drogas, mas foi colocado em liberdade em janeiro de 2010, depois de passar quase nove meses na Penitenci\u00e1ria Harry Amorim Costa, em Dourados.<\/p>\n<p style=\"text-align: justify;\">Viana havia sido solto por determina\u00e7\u00e3o do desembargador Jo\u00e3o Batista da Costa Marques, da 1\u00ba Turma Criminal do TJ-MS (Tribunal de Justi\u00e7a de Mato Grosso do Sul) e deveria continuar respondendo o processo em liberdade, mas acabou tendo nova pris\u00e3o decretada pela 1\u00aa Turma Criminal do TJ.<\/p>\n<p style=\"text-align: justify;\">Em 2010, o parlamentar foi condenado a 14 anos e seis meses de pris\u00e3o, acusado de tr\u00e1fico drogas. Contudo, a pena foi diminu\u00edda para oito anos. Em 2012, Viana passou para o regime semiaberto. Como n\u00e3o teve o mandato de vereador cassado, o peemedebista pode voltar para a C\u00e2mara, mas ter\u00e1 que dormir em unidade penal.<\/p>\n<p style=\"text-align: justify;\"><strong>Desconfian\u00e7a<\/strong><\/p>\n<p style=\"text-align: justify;\">Com o retorno de Viana, o suplente de vereador Bruno Reichardt, tamb\u00e9m do PMDB, deixar\u00e1 a Casa de Leis. Durante a sess\u00e3o ordin\u00e1ria desta quinta-feira (26), Reichardt apresentou requerimento que solicita abertura de processo de cassa\u00e7\u00e3o do colega de partido. O pedido do parlamentar foi acatado e uma comiss\u00e3o ficar\u00e1 respons\u00e1vel pelos trabalhos.<\/p>\n<p style=\"text-align: justify;\">O presidente regional do PMDB, Esacheu Nascimento, disse que v\u00ea com desconfian\u00e7a a nova posse do vereador e garantiu apoio ao pedido de cassa\u00e7\u00e3o. \u201cO diret\u00f3rio municipal do PMDB de Ponta Por\u00e3 tem compet\u00eancia para decidir o que \u00e9 melhor para o partido no munic\u00edpio. Se o diret\u00f3rio municipal optou pelo pedido e, se formos solicitados, o diret\u00f3rio regional do PMDB dar\u00e1 apoio\u201d, pontuou.<\/p>\n<p style=\"text-align: justify;\">O dirigente tamb\u00e9m afirmou que o PMDB passa por um processo de \u201cvarredura\u201d e que a perman\u00eancia do vereador condenado por tr\u00e1fico de drogas entre os filiados poder\u00e1 ser analisada. \u201cO PMDB passa por esse processo para que tenhamos, nestas elei\u00e7\u00f5es, todos os pr\u00e9-candidatos Ficha Limpa\u201d, destacou.<\/p>\n<p>http:\/\/youtu.be\/Fw1i5vHr7YQ<\/p>\n<p style=\"text-align: justify;\">(Com informa\u00e7\u00f5es do MercosulNews)<\/p>\n","protected":false},"excerpt":{"rendered":"<p>O vereador Joanir Subtil Viana (PMDB) reassumiu nesta quinta-feira (26) a vaga de vereador da C\u00e2mara de Ponta Por\u00e3, cidade distante 346 quil\u00f4metros de Campo Grande. O parlamentar foi preso pela primeira vez em abril de 2009 acusado de envolvimento com o tr\u00e1fico de drogas, mas foi colocado em liberdade em janeiro de 2010, depois [&hellip;]<\/p>\n","protected":false},"author":3,"featured_media":31054,"comment_status":"closed","ping_status":"closed","sticky":false,"template":"","format":"standard","meta":{"footnotes":""},"categories":[6],"tags":[],"class_list":{"0":"post-31052","1":"post","2":"type-post","3":"status-publish","4":"format-standard","5":"has-post-thumbnail","7":"category-politica"},"_links":{"self":[{"href":"https:\/\/senoticias.com.br\/se\/wp-json\/wp\/v2\/posts\/31052"}],"collection":[{"href":"https:\/\/senoticias.com.br\/se\/wp-json\/wp\/v2\/posts"}],"about":[{"href":"https:\/\/senoticias.com.br\/se\/wp-json\/wp\/v2\/types\/post"}],"author":[{"embeddable":true,"href":"https:\/\/senoticias.com.br\/se\/wp-json\/wp\/v2\/users\/3"}],"replies":[{"embeddable":true,"href":"https:\/\/senoticias.com.br\/se\/wp-json\/wp\/v2\/comments?post=31052"}],"version-history":[{"count":0,"href":"https:\/\/senoticias.com.br\/se\/wp-json\/wp\/v2\/posts\/31052\/revisions"}],"wp:featuredmedia":[{"embeddable":true,"href":"https:\/\/senoticias.com.br\/se\/wp-json\/wp\/v2\/media\/31054"}],"wp:attachment":[{"href":"https:\/\/senoticias.com.br\/se\/wp-json\/wp\/v2\/media?parent=31052"}],"wp:term":[{"taxonomy":"category","embeddable":true,"href":"https:\/\/senoticias.com.br\/se\/wp-json\/wp\/v2\/categories?post=31052"},{"taxonomy":"post_tag","embeddable":true,"href":"https:\/\/senoticias.com.br\/se\/wp-json\/wp\/v2\/tags?post=31052"}],"curies":[{"name":"wp","href":"https:\/\/api.w.org\/{rel}","templated":true}]}}