{"id":30595,"date":"2012-04-23T12:24:18","date_gmt":"2012-04-23T15:24:18","guid":{"rendered":"http:\/\/senoticias.com.br\/se\/?p=30595"},"modified":"2012-04-23T14:16:47","modified_gmt":"2012-04-23T17:16:47","slug":"governador-recepciona-a-presidenta-dilma-rousseff-no-aeroporto-de-aracaju","status":"publish","type":"post","link":"https:\/\/senoticias.com.br\/se\/governador-recepciona-a-presidenta-dilma-rousseff-no-aeroporto-de-aracaju\/","title":{"rendered":"Governador recepciona a presidenta Dilma Rousseff no aeroporto de Aracaju"},"content":{"rendered":"<div id=\"attachment_30596\" style=\"width: 310px\" class=\"wp-caption alignleft\"><a href=\"http:\/\/senoticias.com.br\/se\/wp-content\/uploads\/2012\/04\/dedaedilmaaracaju8.jpeg\"><img loading=\"lazy\" decoding=\"async\" aria-describedby=\"caption-attachment-30596\" class=\"size-medium wp-image-30596\" title=\"\" src=\"http:\/\/senoticias.com.br\/se\/wp-content\/uploads\/2012\/04\/dedaedilmaaracaju8-300x199.jpg\" alt=\"\" width=\"300\" height=\"199\" srcset=\"https:\/\/senoticias.com.br\/se\/wp-content\/uploads\/2012\/04\/dedaedilmaaracaju8-300x199.jpg 300w, https:\/\/senoticias.com.br\/se\/wp-content\/uploads\/2012\/04\/dedaedilmaaracaju8-342x227.jpg 342w, https:\/\/senoticias.com.br\/se\/wp-content\/uploads\/2012\/04\/dedaedilmaaracaju8.jpeg 700w\" sizes=\"(max-width: 300px) 100vw, 300px\" \/><\/a><p id=\"caption-attachment-30596\" class=\"wp-caption-text\">A presidenta veio participar da assinatura de renova\u00e7\u00e3o do contrato de arrendamento entre Petrobras e a Vale que possibilitar\u00e1 o in\u00edcio da execu\u00e7\u00e3o do Projeto Carnalita.(Foto: Marcelle Cristinne\/ASN)<\/p><\/div>\n<p style=\"text-align: justify;\">O governador Marcelo D\u00e9da e a primeira-dama, Eliane Aquino, recepcionaram nesta manh\u00e3 de segunda-feira, 23, no aeroporto Santa Maria, em Aracaju, a presidenta da Rep\u00fablica, Dilma Rousseff, e a comitiva presidencial . A presidenta veio participar da assinatura de renova\u00e7\u00e3o do contrato de arrendamento entre Petrobras e a Vale que possibilitar\u00e1 o in\u00edcio da execu\u00e7\u00e3o do Projeto Carnalita. A cerim\u00f4nia acontece no canteiro da Vale, em Ros\u00e1rio do Catete.<\/p>\n<p style=\"text-align: justify;\">Na comitiva da presidenta estavam o ministro de Minas e Energia, Edson Lob\u00e3o, assessores, entre outros. No helic\u00f3ptero presidencial, Dilma seguiu com o governador Marcelo D\u00e9da para a cidade de Carm\u00f3polis, onde desembarcam e prosseguem de carro at\u00e9 Ros\u00e1rio do Catete, distante 37 quil\u00f4metros da capital sergipana.<\/p>\n<p style=\"text-align: justify;\"><strong>Reuni\u00e3o<\/strong><\/p>\n<p style=\"text-align: justify;\">A partir das 13h, o governador Marcelo D\u00e9da e a presidenta almo\u00e7am no Pal\u00e1cio-Museu Ol\u00edmpio Campos, em Aracaju. Em seguida, \u00e0s 15h, se re\u00fanem com os governadores do Nordeste para discutir os problemas da seca na regi\u00e3o, uma das mais rigorosas dos \u00faltimos anos.<\/p>\n<p style=\"text-align: justify;\"><span style=\"color: #808080;\"><strong>Ag\u00eancia Sergipe de Not\u00edcias<\/strong><\/span><\/p>\n","protected":false},"excerpt":{"rendered":"<p>O governador Marcelo D\u00e9da e a primeira-dama, Eliane Aquino, recepcionaram nesta manh\u00e3 de segunda-feira, 23, no aeroporto Santa Maria, em Aracaju, a presidenta da Rep\u00fablica, Dilma Rousseff, e a comitiva presidencial . A presidenta veio participar da assinatura de renova\u00e7\u00e3o do contrato de arrendamento entre Petrobras e a Vale que possibilitar\u00e1 o in\u00edcio da execu\u00e7\u00e3o [&hellip;]<\/p>\n","protected":false},"author":3,"featured_media":30596,"comment_status":"closed","ping_status":"closed","sticky":false,"template":"","format":"standard","meta":{"footnotes":""},"categories":[6],"tags":[],"class_list":{"0":"post-30595","1":"post","2":"type-post","3":"status-publish","4":"format-standard","5":"has-post-thumbnail","7":"category-politica"},"_links":{"self":[{"href":"https:\/\/senoticias.com.br\/se\/wp-json\/wp\/v2\/posts\/30595"}],"collection":[{"href":"https:\/\/senoticias.com.br\/se\/wp-json\/wp\/v2\/posts"}],"about":[{"href":"https:\/\/senoticias.com.br\/se\/wp-json\/wp\/v2\/types\/post"}],"author":[{"embeddable":true,"href":"https:\/\/senoticias.com.br\/se\/wp-json\/wp\/v2\/users\/3"}],"replies":[{"embeddable":true,"href":"https:\/\/senoticias.com.br\/se\/wp-json\/wp\/v2\/comments?post=30595"}],"version-history":[{"count":0,"href":"https:\/\/senoticias.com.br\/se\/wp-json\/wp\/v2\/posts\/30595\/revisions"}],"wp:featuredmedia":[{"embeddable":true,"href":"https:\/\/senoticias.com.br\/se\/wp-json\/wp\/v2\/media\/30596"}],"wp:attachment":[{"href":"https:\/\/senoticias.com.br\/se\/wp-json\/wp\/v2\/media?parent=30595"}],"wp:term":[{"taxonomy":"category","embeddable":true,"href":"https:\/\/senoticias.com.br\/se\/wp-json\/wp\/v2\/categories?post=30595"},{"taxonomy":"post_tag","embeddable":true,"href":"https:\/\/senoticias.com.br\/se\/wp-json\/wp\/v2\/tags?post=30595"}],"curies":[{"name":"wp","href":"https:\/\/api.w.org\/{rel}","templated":true}]}}