{"id":30584,"date":"2012-04-23T11:36:23","date_gmt":"2012-04-23T14:36:23","guid":{"rendered":"http:\/\/senoticias.com.br\/se\/?p=30584"},"modified":"2012-04-23T11:57:33","modified_gmt":"2012-04-23T14:57:33","slug":"condutores-envolvidos-em-acidentes-sao-detidos-pela-prf-em-sergipe","status":"publish","type":"post","link":"https:\/\/senoticias.com.br\/se\/condutores-envolvidos-em-acidentes-sao-detidos-pela-prf-em-sergipe\/","title":{"rendered":"Condutores envolvidos em acidentes s\u00e3o detidos pela PRF em Sergipe."},"content":{"rendered":"<p><span style=\"color: #808080;\"><strong>Os dois motoristas n\u00e3o possu\u00edam CNH e dirigiam de forma perigosa.<\/strong><\/span><\/p>\n<p style=\"text-align: justify;\"><a href=\"http:\/\/senoticias.com.br\/se\/wp-content\/uploads\/2011\/04\/PRF-IIIII.jpg\"><img loading=\"lazy\" decoding=\"async\" class=\"alignleft size-full wp-image-5502\" title=\"PRF IIIII\" src=\"http:\/\/senoticias.com.br\/se\/wp-content\/uploads\/2011\/04\/PRF-IIIII.jpg\" alt=\"\" width=\"210\" height=\"144\" \/><\/a>Policiais Rodovi\u00e1rios Federais prenderam durante o dia de ontem (22), dois condutores inabilitados que se envolveram em acidentes de tr\u00e2nsito. O primeiro foi detido pela PRF no Km 54 da BR 101, em Carm\u00f3polis (SE). Os agentes federais foram atender a um acidente e durante o trabalho de abordagem, descobriram que o condutor de um dos ve\u00edculos envolvidos, n\u00e3o possu\u00eda Carteira Nacional da Habilita\u00e7\u00e3o (CNH).<\/p>\n<p style=\"text-align: justify;\">Mais tarde, a equipe PRF foi atender a um outro acidente no Km 43 da BR 235, em Itabaiana (SE), e durante o trabalho de fiscaliza\u00e7\u00e3o, descobriram que a condutora de um dos ve\u00edculos envolvidos, de 46 anos, tamb\u00e9m trafegava sem possuir CNH. Os dois motoristas flagrados foram detidos e encaminhado \u00e0 Delegacia de Pol\u00edcia Civil dos munic\u00edpios de Carm\u00f3polis e Itabaiana, respectivamente.<\/p>\n<p style=\"text-align: justify;\"><strong>Outras ocorr\u00eancias<\/strong><\/p>\n<p style=\"text-align: justify;\">A Pol\u00edcia Rodovi\u00e1ria Federal (PRF) atendeu a nove acidentes nas BRs de Sergipe. Dezesseis ve\u00edculos se envolveram nos acidentes, tr\u00eas pessoas ficaram feridas e n\u00e3o houve registro de mortes.<\/p>\n<p style=\"text-align: justify;\">Foram fiscalizados 596 ve\u00edculos dos quais 20 foram retidos por irregularidades, 10 CNHs foram apreendidas, um usu\u00e1rio das rodovias recebeu aux\u00edlio das viaturas em ronda e seis pessoas foram detidas. Al\u00e9m disso, de um total de 359 multas de tr\u00e2nsito aplicadas, 52 foram por ultrapassagens indevidas.<\/p>\n<p style=\"text-align: justify;\"><strong>Lei Seca \u2013<\/strong> Mesmo sabendo da proibi\u00e7\u00e3o no consumo de bebidas alco\u00f3licas ao dirigir, condutores arriscaram as suas vidas e a de usu\u00e1rios das rodovias federais em Sergipe. Durante o final de semana, 45 motoristas realizaram testes de alcoolemia nas rodovias federais do Estado. Desse total, seis motoristas foram autuados e quatro foram detidos por exceder o limite de 0,3 mg\/l (miligramas de \u00e1lcool por litro de ar expelido dos pulm\u00f5es).<\/p>\n<p style=\"text-align: justify;\"><strong>Sexta-feira (20)<\/strong><\/p>\n<p style=\"text-align: justify;\">Plant\u00e3o tranquilo nas rodovias federais. Sem registro de ocorr\u00eancias criminais.<\/p>\n<p style=\"text-align: justify;\"><strong>S\u00e1bado (21)<\/strong><\/p>\n<p style=\"text-align: justify;\"><strong>Adolescente passageira de ciclomotor \u00e9 apreendida pela PRF na BR 235.<\/strong><br \/>\nPoliciais Rodovi\u00e1rios Federais faziam o trabalho de ronda no final da tarde de s\u00e1bado (21), no Km 04 da BR 235, no posto PRF de Nossa Senhora do Socorro (SE), quando deram ordem de parada a um ciclomotor. Durante a abordagem, os agentes federais constataram que a passageira do ve\u00edculo, uma adolescente, de 13 anos, transitava sem o capacete. A menina foi apreendida e conduzida \u00e0 seus respons\u00e1veis.<\/p>\n<p style=\"text-align: justify;\"><strong>Homem quebra parabrisa de \u00f4nibus e \u00e9 detido pela PRF.<\/strong><br \/>\nPoliciais Rodovi\u00e1rios Federais receberam a den\u00fancia de que na tarde de s\u00e1bado (21), na altura do Km 41 da BR 235, em Itabaiana (SE), um homem teria atirado uma pedra no parabrisa de um \u00f4nibus que fazia o transporte intermunicipal de passageiros. Chegando ao local, os agentes federais encontraram o ve\u00edculo com o parabrisa quebrado e o suspeito imobilizado pelos ocupantes do \u00f4nibus. Ele foi detido e encaminhado \u00e0 Delegacia de Pol\u00edcia Civil, em Itabaiana.<\/p>\n<p style=\"text-align: justify;\"><strong>Domingo (22)<\/strong><\/p>\n<p style=\"text-align: justify;\"><span style=\"color: #808080;\"><strong>N\u00facleo de Comunica\u00e7\u00e3o Social &#8211; 20\u00b0 Sup. Pol\u00edcia Rodovi\u00e1ria Federal \u2013 SE<\/strong><\/span><\/p>\n","protected":false},"excerpt":{"rendered":"<p>Os dois motoristas n\u00e3o possu\u00edam CNH e dirigiam de forma perigosa. Policiais Rodovi\u00e1rios Federais prenderam durante o dia de ontem (22), dois condutores inabilitados que se envolveram em acidentes de tr\u00e2nsito. O primeiro foi detido pela PRF no Km 54 da BR 101, em Carm\u00f3polis (SE). Os agentes federais foram atender a um acidente e [&hellip;]<\/p>\n","protected":false},"author":3,"featured_media":5502,"comment_status":"closed","ping_status":"closed","sticky":false,"template":"","format":"standard","meta":{"footnotes":""},"categories":[7],"tags":[],"class_list":{"0":"post-30584","1":"post","2":"type-post","3":"status-publish","4":"format-standard","5":"has-post-thumbnail","7":"category-policia"},"_links":{"self":[{"href":"https:\/\/senoticias.com.br\/se\/wp-json\/wp\/v2\/posts\/30584"}],"collection":[{"href":"https:\/\/senoticias.com.br\/se\/wp-json\/wp\/v2\/posts"}],"about":[{"href":"https:\/\/senoticias.com.br\/se\/wp-json\/wp\/v2\/types\/post"}],"author":[{"embeddable":true,"href":"https:\/\/senoticias.com.br\/se\/wp-json\/wp\/v2\/users\/3"}],"replies":[{"embeddable":true,"href":"https:\/\/senoticias.com.br\/se\/wp-json\/wp\/v2\/comments?post=30584"}],"version-history":[{"count":0,"href":"https:\/\/senoticias.com.br\/se\/wp-json\/wp\/v2\/posts\/30584\/revisions"}],"wp:featuredmedia":[{"embeddable":true,"href":"https:\/\/senoticias.com.br\/se\/wp-json\/wp\/v2\/media\/5502"}],"wp:attachment":[{"href":"https:\/\/senoticias.com.br\/se\/wp-json\/wp\/v2\/media?parent=30584"}],"wp:term":[{"taxonomy":"category","embeddable":true,"href":"https:\/\/senoticias.com.br\/se\/wp-json\/wp\/v2\/categories?post=30584"},{"taxonomy":"post_tag","embeddable":true,"href":"https:\/\/senoticias.com.br\/se\/wp-json\/wp\/v2\/tags?post=30584"}],"curies":[{"name":"wp","href":"https:\/\/api.w.org\/{rel}","templated":true}]}}