{"id":30575,"date":"2012-04-23T09:22:27","date_gmt":"2012-04-23T12:22:27","guid":{"rendered":"http:\/\/senoticias.com.br\/se\/?p=30575"},"modified":"2012-04-23T09:23:09","modified_gmt":"2012-04-23T12:23:09","slug":"corpo-de-bombeiros-encontra-corpo-de-jovem-que-morreu-afogado-no-sabado","status":"publish","type":"post","link":"https:\/\/senoticias.com.br\/se\/corpo-de-bombeiros-encontra-corpo-de-jovem-que-morreu-afogado-no-sabado\/","title":{"rendered":"Corpo de Bombeiros encontra corpo de jovem que morreu afogado no s\u00e1bado"},"content":{"rendered":"<p><span style=\"color: #808080;\"><strong>Um dia de lazer entre amigos e familiares acabou em trag\u00e9dia na manh\u00e3 de s\u00e1bado, dia 21, feriado de Tiradentes.<\/strong><\/span><\/p>\n<div id=\"attachment_30578\" style=\"width: 310px\" class=\"wp-caption alignleft\"><a href=\"http:\/\/senoticias.com.br\/se\/wp-content\/uploads\/2012\/04\/grande-bombeiros_operacao_salvamento_agencia_sergipe-220212.jpg\"><img loading=\"lazy\" decoding=\"async\" aria-describedby=\"caption-attachment-30578\" class=\"size-medium wp-image-30578\" title=\"grande-bombeiros_operacao_salvamento_agencia_sergipe-220212\" src=\"http:\/\/senoticias.com.br\/se\/wp-content\/uploads\/2012\/04\/grande-bombeiros_operacao_salvamento_agencia_sergipe-220212-300x199.jpg\" alt=\"\" width=\"300\" height=\"199\" srcset=\"https:\/\/senoticias.com.br\/se\/wp-content\/uploads\/2012\/04\/grande-bombeiros_operacao_salvamento_agencia_sergipe-220212-300x199.jpg 300w, https:\/\/senoticias.com.br\/se\/wp-content\/uploads\/2012\/04\/grande-bombeiros_operacao_salvamento_agencia_sergipe-220212-342x227.jpg 342w, https:\/\/senoticias.com.br\/se\/wp-content\/uploads\/2012\/04\/grande-bombeiros_operacao_salvamento_agencia_sergipe-220212.jpg 700w\" sizes=\"(max-width: 300px) 100vw, 300px\" \/><\/a><p id=\"caption-attachment-30578\" class=\"wp-caption-text\">O sargento Uch\u00f4a, mergulhador de resgate do Corpo de Bombeiros, comandou as buscas iniciadas no mesmo s\u00e1bado, 21. (Foto: ASN)<\/p><\/div>\n<p style=\"text-align: justify;\">Foi encontrado na manh\u00e3 desta segunda-feira, 23, o corpo do jovem Luciano de Jesus Santos, 27 anos, natural de Itabaiana, que desapareceu no \u00faltimo s\u00e1bado, 21, quando banhava-se numa das mais perigosas \u00e1reas, na Coroa do Meio: local que ficou tradicionalmente como Praia dos Artistas, em Aracaju.<\/p>\n<p style=\"text-align: justify;\">O Instituto M\u00e9dico Legal (IML) foi acionado nesta manh\u00e3 pelo Corpo de Bombeiros, mas ainda n\u00e3o identificou oficialmente o corpo da v\u00edtima. Equipes de resgate do Corpo de Bombeiros fizeram retifica\u00e7\u00f5es quanto \u00e0 identidade do jovem, divulgada inicialmente como Adriano de Jesus Santos, de 27 anos. De acordo com a equipe de resgate trata-se de Luciano de Jesus Santos. Ele \u00e9 natural do munic\u00edpio de Itabaiana e estava na companhia de amigos e familiares na Coroa do Meio.<br \/>\nO sargento Uch\u00f4a, mergulhador de resgate do Corpo de Bombeiros, comandou as buscas iniciadas no mesmo s\u00e1bado, 21. \u00c0 noite as buscas foram suspensas e retomadas no domingo, 22, pela manh\u00e3 com prosseguimento durante todo o dia, sendo finalizada \u00e0s 1h20.<\/p>\n<p style=\"text-align: justify;\">S\u00f3 na manh\u00e3 desta segunda, 23, quando reiniciadas, a equipe localizou o corpo encalhado na areia, na Praia de Aruana. \u201cNo local onde ele mergulhou h\u00e1 uma profundidade de 5 metros e fica dif\u00edcil, principalmente para quem n\u00e3o sabe nadar\u201d, adverte o mergulhador, que classifica aquela \u00e1rea como a mais perigosa de Sergipe e como a \u201cterceira pior do Brasil\u201d.<\/p>\n<p style=\"text-align: justify;\">O IML aguarda os familiares para identifica\u00e7\u00e3o oficial da v\u00edtima e libera\u00e7\u00e3o do corpo para sepultamento.<\/p>\n<p style=\"text-align: justify;\"><span style=\"color: #808080;\"><strong>SE Not\u00edcias com informa\u00e7\u00f5es da Infonet<\/strong><\/span><\/p>\n","protected":false},"excerpt":{"rendered":"<p>Um dia de lazer entre amigos e familiares acabou em trag\u00e9dia na manh\u00e3 de s\u00e1bado, dia 21, feriado de Tiradentes. Foi encontrado na manh\u00e3 desta segunda-feira, 23, o corpo do jovem Luciano de Jesus Santos, 27 anos, natural de Itabaiana, que desapareceu no \u00faltimo s\u00e1bado, 21, quando banhava-se numa das mais perigosas \u00e1reas, na Coroa [&hellip;]<\/p>\n","protected":false},"author":3,"featured_media":30578,"comment_status":"closed","ping_status":"closed","sticky":false,"template":"","format":"standard","meta":{"footnotes":""},"categories":[7],"tags":[],"class_list":{"0":"post-30575","1":"post","2":"type-post","3":"status-publish","4":"format-standard","5":"has-post-thumbnail","7":"category-policia"},"_links":{"self":[{"href":"https:\/\/senoticias.com.br\/se\/wp-json\/wp\/v2\/posts\/30575"}],"collection":[{"href":"https:\/\/senoticias.com.br\/se\/wp-json\/wp\/v2\/posts"}],"about":[{"href":"https:\/\/senoticias.com.br\/se\/wp-json\/wp\/v2\/types\/post"}],"author":[{"embeddable":true,"href":"https:\/\/senoticias.com.br\/se\/wp-json\/wp\/v2\/users\/3"}],"replies":[{"embeddable":true,"href":"https:\/\/senoticias.com.br\/se\/wp-json\/wp\/v2\/comments?post=30575"}],"version-history":[{"count":0,"href":"https:\/\/senoticias.com.br\/se\/wp-json\/wp\/v2\/posts\/30575\/revisions"}],"wp:featuredmedia":[{"embeddable":true,"href":"https:\/\/senoticias.com.br\/se\/wp-json\/wp\/v2\/media\/30578"}],"wp:attachment":[{"href":"https:\/\/senoticias.com.br\/se\/wp-json\/wp\/v2\/media?parent=30575"}],"wp:term":[{"taxonomy":"category","embeddable":true,"href":"https:\/\/senoticias.com.br\/se\/wp-json\/wp\/v2\/categories?post=30575"},{"taxonomy":"post_tag","embeddable":true,"href":"https:\/\/senoticias.com.br\/se\/wp-json\/wp\/v2\/tags?post=30575"}],"curies":[{"name":"wp","href":"https:\/\/api.w.org\/{rel}","templated":true}]}}