{"id":30566,"date":"2012-04-23T08:40:30","date_gmt":"2012-04-23T11:40:30","guid":{"rendered":"http:\/\/senoticias.com.br\/se\/?p=30566"},"modified":"2012-04-24T09:49:09","modified_gmt":"2012-04-24T12:49:09","slug":"cantor-pedro-tem-parada-cardiaca-diz-assessora-de-leonardo","status":"publish","type":"post","link":"https:\/\/senoticias.com.br\/se\/cantor-pedro-tem-parada-cardiaca-diz-assessora-de-leonardo\/","title":{"rendered":"Cantor Pedro tem parada card\u00edaca, diz assessora de Leonardo"},"content":{"rendered":"<p><span style=\"color: #808080;\"><strong>Parada durou seis minutos, afirma a assessora Ede Cury.<\/strong><\/span><br \/>\n<span style=\"color: #808080;\"><strong>Fam\u00edlia estuda a possibilidade de remov\u00ea-lo para S\u00e3o Paulo.<\/strong><\/span><\/p>\n<div id=\"attachment_30567\" style=\"width: 310px\" class=\"wp-caption alignleft\"><a href=\"http:\/\/senoticias.com.br\/se\/wp-content\/uploads\/2012\/04\/predro.jpg\"><img loading=\"lazy\" decoding=\"async\" aria-describedby=\"caption-attachment-30567\" class=\"size-full wp-image-30567\" title=\"predro\" src=\"http:\/\/senoticias.com.br\/se\/wp-content\/uploads\/2012\/04\/predro.jpg\" alt=\"\" width=\"300\" height=\"225\" srcset=\"https:\/\/senoticias.com.br\/se\/wp-content\/uploads\/2012\/04\/predro.jpg 300w, https:\/\/senoticias.com.br\/se\/wp-content\/uploads\/2012\/04\/predro-60x45.jpg 60w, https:\/\/senoticias.com.br\/se\/wp-content\/uploads\/2012\/04\/predro-150x113.jpg 150w, https:\/\/senoticias.com.br\/se\/wp-content\/uploads\/2012\/04\/predro-269x201.jpg 269w\" sizes=\"(max-width: 300px) 100vw, 300px\" \/><\/a><p id=\"caption-attachment-30567\" class=\"wp-caption-text\">Equipe m\u00e9dica do cantor Pedro Leonardo (Foto: Carolina Simiema\/ G1)<\/p><\/div>\n<p style=\"text-align: justify;\">O cantor Pedro, filho do sertanejo Leonardo, teve uma parada card\u00edaca \u00e0s 4h da manh\u00e3 desta segunda-feira (23), que teria durado seis minutos, segundo informa\u00e7\u00f5es dadas pela Ede Cury, assessora do cantor Leonardo \u00e0 TV Anhanguera. De acordo com ela, ele encontrava-se est\u00e1vel por volta das 6h30 desta segunda. Na tarde de domingo (22), segundo Ede, ele tamb\u00e9m teve uma disritimia card\u00edaca. A fam\u00edlia do cantor estuda a possibilidade de transfer\u00ed-lo para um hospital em S\u00e3o Paulo.<\/p>\n<p style=\"text-align: justify;\">Durante uma entrevista coletiva no domingo (22), a equipe m\u00e9dica que atende o cantor havia confirmado que o artista havia apresentado uma piora cl\u00ednica em seu estado de sa\u00fade. Pedro, que tamb\u00e9m \u00e9 cantor de m\u00fasica sertaneja, est\u00e1 em coma induzido desde sexta-feira (20), depois de sofrer um acidente de carro em uma estrada pr\u00f3xima \u00e0 divisa entre Goi\u00e1s e Minas Gerais.<\/p>\n<p style=\"text-align: justify;\">De acordo com o diretor do hospital, Newton Trist\u00e3o, exames feitos entre a noite de s\u00e1bado (21) e a manh\u00e3 de domingo (22) mostraram que &#8220;houve uma piora cl\u00ednica&#8221; no edema cerebral de Pedro e o quadro \u00e9 de instabilidade. Trist\u00e3o afirmou, por\u00e9m, que essa piora era prevista, dentro da gravidade do caso.<\/p>\n<p style=\"text-align: justify;\">&#8220;Houve uma piora, sim, no quadro cl\u00ednico dele, mas j\u00e1 esper\u00e1vamos isso por causa da gravidade e por ele ainda estar nas 72 horas consideradas cr\u00edticas. Ent\u00e3o, todo paciente com estas caracter\u00edsticas correm risco de morte&#8221;, ressaltou o m\u00e9dico.<\/p>\n<p style=\"text-align: justify;\">Em entrevista coletiva, a equipe m\u00e9dica afirmou que n\u00e3o h\u00e1 previs\u00e3o para que ele saia do coma induzido. De acordo com a neurologista Edilene Guiotti, o tempo \u00e9 um aliado na recupera\u00e7\u00e3o: &#8220;O tempo \u00e9 fundamental para a evolu\u00e7\u00e3o do paciente, mas n\u00e3o podemos falar em datas, at\u00e9 porque n\u00e3o temos condi\u00e7\u00f5es cl\u00ednicas para poder acord\u00e1-lo. Na verdade, estamos esperando as respostas que ele nos d\u00e1. O Pedro \u00e9 quem vai nos dizer o que devemos fazer&#8221;. Os m\u00e9dicos afirmaram ainda que ele apresenta trauma ortop\u00e9dico, pulmonar, abdominal e do cr\u00e2nio.<\/p>\n<p style=\"text-align: justify;\"><strong>Dormiu no volante<\/strong><\/p>\n<p style=\"text-align: justify;\">O assessor de Leonardo, Marcelo Borges, tamb\u00e9m participou da coletiva e afirmou que o cantor j\u00e1 retornou a Goi\u00e2nia e cancelou shows que faria no pr\u00f3ximo fim de semana, mas n\u00e3o detalhou quais.<\/p>\n<p style=\"text-align: justify;\">O cantor n\u00e3o deve visitar o filho neste domingo, de acordo com Borges, j\u00e1 que Pedro est\u00e1 internado na UTI. O assessor afirmou que a fam\u00edlia est\u00e1 apreensiva, por\u00e9m confiante na equipe m\u00e9dica, e que acompanha o tratamento do jovem de casa. Os m\u00e9dicos afirmaram que realizaram, na manh\u00e3 deste domingo, uma reuni\u00e3o com a fam\u00edlia para esclarecimento do caso.<\/p>\n<p style=\"text-align: justify;\">Marcelo Borges disse ainda que a fam\u00edlia rejeita a hip\u00f3tese de que Pedro tenha bebido ap\u00f3s o show que realizou em Uberl\u00e2ndia, em Minas Gerais, na noite de quinta-feira (19). Segundo o assessor, Pedro fazia um tratamento para emagrecer e n\u00e3o ingere bebida alco\u00f3lica h\u00e1 dois meses, al\u00e9m de ter o costume de n\u00e3o beber durante a quaresma, que se encerrou h\u00e1 duas semanas.<\/p>\n<p style=\"text-align: justify;\">&#8220;O Pedro sempre foi muito religioso, ent\u00e3o, nessas \u00e9pocas ele n\u00e3o bebem mesmo. Al\u00e9m disso, ele tinha iniciado um tratamento para emagrecer que n\u00e3o permitia a aingest\u00e3o de bebida alco\u00f3lica&#8221;, afirmou Marcelo.<\/p>\n<p style=\"text-align: justify;\">Segundo ele,\u00a0 a fam\u00edlia acredita na possibilidade de o jovem ter dormido ao volante. Ainda de acordo com Borges, o fato de Pedro estar dirigindo sozinho ap\u00f3s o show foi um &#8220;caso excepcional&#8221;, j\u00e1 que ele mantinha o h\u00e1bito de voltar para casa na companhia de sua equipe.<\/p>\n<p style=\"text-align: justify;\">O jovem faz dupla com o primo Thiago, filho do falecido cantor Leandro, irm\u00e3o de Leonardo. Pedro dirigia sozinho por volta das 7h de sexta-feira na rodovia MGC-452, no munic\u00edpio de Tupaciguara (MG). Ele foi inicialmente levado ao Hospital Municipal de Itumbiara, onde passou por cirurgia para conter hemorragia abdominal, e transferido na sexta-feira para Goi\u00e2nia.<\/p>\n<p style=\"text-align: justify;\"><strong>Confian\u00e7a<\/strong><\/p>\n<p style=\"text-align: justify;\">No s\u00e1bado, Pedro recebeu visita da m\u00e3e, Maria Aparecida Dantas. Emotiva, ela disse que agradece a Deus pelo fato de Pedro estar vivo, se mostrou confiante e afirmou: \u201cVou continuar rezando\u201d.<\/p>\n<p style=\"text-align: justify;\">Tamb\u00e9m estiveram no local uma tia e do pai da dupla Zez\u00e9 di Camargo e Luciano, Francisco Camargo. &#8220;Vi esse menino crescer. Considero a fam\u00edlia de Leandro e Leonardo como minha fam\u00edlia&#8221;, solidarizou Francisco.<\/p>\n<p style=\"text-align: justify;\">Na sexta-feira, o pai, Leonardo, lamentou ocorrido com o filho: &#8220;Eu pedia para ele dormir na cidade e s\u00f3 viajar depois. Mas menino voc\u00ea sabe como \u00e9&#8221;.<\/p>\n<p style=\"text-align: justify;\"><span style=\"color: #808080;\"><strong>Do G1 GO<\/strong><\/span><\/p>\n<p style=\"text-align: justify;\"><strong><span style=\"color: #333333;\">Veja tamb<\/span>\u00e9m:\u00a0<\/strong> <a href=\" http:\/\/senoticias.com.br\/se\/?p=30499\" target=\"_blank\"><span style=\"color: #0000ff;\"><strong>Cantor Leonardo pede aos f\u00e3s corrente para recupera\u00e7\u00e3o do filho<\/strong><\/span><\/a><\/p>\n","protected":false},"excerpt":{"rendered":"<p>Parada durou seis minutos, afirma a assessora Ede Cury. Fam\u00edlia estuda a possibilidade de remov\u00ea-lo para S\u00e3o Paulo. O cantor Pedro, filho do sertanejo Leonardo, teve uma parada card\u00edaca \u00e0s 4h da manh\u00e3 desta segunda-feira (23), que teria durado seis minutos, segundo informa\u00e7\u00f5es dadas pela Ede Cury, assessora do cantor Leonardo \u00e0 TV Anhanguera. De [&hellip;]<\/p>\n","protected":false},"author":2,"featured_media":30567,"comment_status":"closed","ping_status":"closed","sticky":false,"template":"","format":"standard","meta":{"footnotes":""},"categories":[43],"tags":[],"class_list":{"0":"post-30566","1":"post","2":"type-post","3":"status-publish","4":"format-standard","5":"has-post-thumbnail","7":"category-voce-reporter"},"_links":{"self":[{"href":"https:\/\/senoticias.com.br\/se\/wp-json\/wp\/v2\/posts\/30566"}],"collection":[{"href":"https:\/\/senoticias.com.br\/se\/wp-json\/wp\/v2\/posts"}],"about":[{"href":"https:\/\/senoticias.com.br\/se\/wp-json\/wp\/v2\/types\/post"}],"author":[{"embeddable":true,"href":"https:\/\/senoticias.com.br\/se\/wp-json\/wp\/v2\/users\/2"}],"replies":[{"embeddable":true,"href":"https:\/\/senoticias.com.br\/se\/wp-json\/wp\/v2\/comments?post=30566"}],"version-history":[{"count":0,"href":"https:\/\/senoticias.com.br\/se\/wp-json\/wp\/v2\/posts\/30566\/revisions"}],"wp:featuredmedia":[{"embeddable":true,"href":"https:\/\/senoticias.com.br\/se\/wp-json\/wp\/v2\/media\/30567"}],"wp:attachment":[{"href":"https:\/\/senoticias.com.br\/se\/wp-json\/wp\/v2\/media?parent=30566"}],"wp:term":[{"taxonomy":"category","embeddable":true,"href":"https:\/\/senoticias.com.br\/se\/wp-json\/wp\/v2\/categories?post=30566"},{"taxonomy":"post_tag","embeddable":true,"href":"https:\/\/senoticias.com.br\/se\/wp-json\/wp\/v2\/tags?post=30566"}],"curies":[{"name":"wp","href":"https:\/\/api.w.org\/{rel}","templated":true}]}}