{"id":30550,"date":"2012-04-22T21:08:02","date_gmt":"2012-04-23T00:08:02","guid":{"rendered":"http:\/\/senoticias.com.br\/se\/?p=30550"},"modified":"2012-04-23T18:58:02","modified_gmt":"2012-04-23T21:58:02","slug":"morre-ator-que-sofreu-enforcamento-acidental","status":"publish","type":"post","link":"https:\/\/senoticias.com.br\/se\/morre-ator-que-sofreu-enforcamento-acidental\/","title":{"rendered":"Morre ator que sofreu enforcamento acidental"},"content":{"rendered":"<p><span style=\"color: #808080;\"><strong>A morte foi confirmada na tarde deste domingo (22).<\/strong><\/span><br \/>\n<span style=\"color: #808080;\"><strong>Tiago Klimeck ficou duas semanas em coma profundo.<\/strong><\/span><\/p>\n<div id=\"attachment_30551\" style=\"width: 235px\" class=\"wp-caption alignleft\"><a href=\"http:\/\/senoticias.com.br\/se\/wp-content\/uploads\/2012\/04\/tiago_klimeck_.jpg\"><img loading=\"lazy\" decoding=\"async\" aria-describedby=\"caption-attachment-30551\" class=\"size-medium wp-image-30551\" title=\"tiago_klimeck_\" src=\"http:\/\/senoticias.com.br\/se\/wp-content\/uploads\/2012\/04\/tiago_klimeck_-225x300.jpg\" alt=\"\" width=\"225\" height=\"300\" srcset=\"https:\/\/senoticias.com.br\/se\/wp-content\/uploads\/2012\/04\/tiago_klimeck_-225x300.jpg 225w, https:\/\/senoticias.com.br\/se\/wp-content\/uploads\/2012\/04\/tiago_klimeck_.jpg 300w\" sizes=\"(max-width: 225px) 100vw, 225px\" \/><\/a><p id=\"caption-attachment-30551\" class=\"wp-caption-text\">Tiago Klimeck morreu \u00e0s 17h15 na Santa Casa de Itapeva (SP). (Foto: Sandro Azevedo\/ Virtual Guia)<\/p><\/div>\n<p style=\"text-align: justify;\">Morreu na tarde deste domingo (22) o ator Tiago Klimeck, de 27 anos, que sofreu enforcamento acidental h\u00e1 duas semanas. A informa\u00e7\u00e3o foi confirmada pela Santa Casa de Itapeva (SP), onde ele estava internado em coma profundo. O estado de sa\u00fade era considerado grav\u00edssimo.<\/p>\n<p style=\"text-align: justify;\">Segundo o hospital, a morte foi constatada \u00e0s 17h15, conforme nota divulgada \u00e0 imprensa. Veja o texto: &#8216;A Santa Casa de Miseric\u00f3rdia de Itapeva comunica o falecimento do paciente Tiago Klimeck, ocorrido hoje, 22\/04\/2012, \u00e0s 17h15 horas. \u00c0 fam\u00edlia e amigos, nosso sentimento&#8217;.<\/p>\n<p style=\"text-align: justify;\">O acidente ocorreu na Sexta-Feira Santa, no dia 6 de abril, em Itarar\u00e9 (SP), durante a encena\u00e7\u00e3o da Paix\u00e3o de Cristo. Tiago representava o papel de Judas Iscariotes. Durante a pe\u00e7a, o ator devia subir em uma pedra do cen\u00e1rio com uma corda colocada em volta do pesco\u00e7o para, em seguida, simular o enforcamento do personagem, conforme relata a hist\u00f3ria b\u00edblica.<\/p>\n<p style=\"text-align: justify;\">Nesta cena, Tiago sofreu o sufocamento. O jovem ficou aproximadamente quatro minutos desacordado at\u00e9 que algu\u00e9m percebeu que ele estava realmente enforcado.<\/p>\n<p><strong>Leia tamb\u00e9m:<\/strong><\/p>\n<p><a href=\"http:\/\/senoticias.com.br\/se\/?p=29534\" target=\"_blank\"><span style=\"color: #333399;\"><strong>C\u00e9rebro de ator enforcado em encena\u00e7\u00e3o da Paix\u00e3o de Cristo foi afetado<\/strong><\/span><\/a><\/p>\n<p><a href=\"http:\/\/senoticias.com.br\/se\/?p=29324\" target=\"_blank\"><span style=\"color: #000080;\"><strong>Ator que se enforcou acidentalmente continua em estado grave<\/strong><\/span><br \/>\n<\/a><\/p>\n<p><span style=\"color: #808080;\"><strong>SE NOt\u00edcias com Gl\u00e1ucia Souza Do G1 Itapetininga e Regi\u00e3o<\/strong><\/span><\/p>\n","protected":false},"excerpt":{"rendered":"<p>A morte foi confirmada na tarde deste domingo (22). Tiago Klimeck ficou duas semanas em coma profundo. Morreu na tarde deste domingo (22) o ator Tiago Klimeck, de 27 anos, que sofreu enforcamento acidental h\u00e1 duas semanas. A informa\u00e7\u00e3o foi confirmada pela Santa Casa de Itapeva (SP), onde ele estava internado em coma profundo. O [&hellip;]<\/p>\n","protected":false},"author":3,"featured_media":30551,"comment_status":"closed","ping_status":"closed","sticky":false,"template":"","format":"standard","meta":{"footnotes":""},"categories":[15,38],"tags":[],"class_list":{"0":"post-30550","1":"post","2":"type-post","3":"status-publish","4":"format-standard","5":"has-post-thumbnail","7":"category-destaques","8":"category-municipios"},"_links":{"self":[{"href":"https:\/\/senoticias.com.br\/se\/wp-json\/wp\/v2\/posts\/30550"}],"collection":[{"href":"https:\/\/senoticias.com.br\/se\/wp-json\/wp\/v2\/posts"}],"about":[{"href":"https:\/\/senoticias.com.br\/se\/wp-json\/wp\/v2\/types\/post"}],"author":[{"embeddable":true,"href":"https:\/\/senoticias.com.br\/se\/wp-json\/wp\/v2\/users\/3"}],"replies":[{"embeddable":true,"href":"https:\/\/senoticias.com.br\/se\/wp-json\/wp\/v2\/comments?post=30550"}],"version-history":[{"count":0,"href":"https:\/\/senoticias.com.br\/se\/wp-json\/wp\/v2\/posts\/30550\/revisions"}],"wp:featuredmedia":[{"embeddable":true,"href":"https:\/\/senoticias.com.br\/se\/wp-json\/wp\/v2\/media\/30551"}],"wp:attachment":[{"href":"https:\/\/senoticias.com.br\/se\/wp-json\/wp\/v2\/media?parent=30550"}],"wp:term":[{"taxonomy":"category","embeddable":true,"href":"https:\/\/senoticias.com.br\/se\/wp-json\/wp\/v2\/categories?post=30550"},{"taxonomy":"post_tag","embeddable":true,"href":"https:\/\/senoticias.com.br\/se\/wp-json\/wp\/v2\/tags?post=30550"}],"curies":[{"name":"wp","href":"https:\/\/api.w.org\/{rel}","templated":true}]}}