{"id":30539,"date":"2012-04-23T08:50:38","date_gmt":"2012-04-23T11:50:38","guid":{"rendered":"http:\/\/senoticias.com.br\/se\/?p=30539"},"modified":"2013-05-18T13:02:34","modified_gmt":"2013-05-18T16:02:34","slug":"pt-de-sao-cristovao-define-pre-candidato-a-prefeito","status":"publish","type":"post","link":"https:\/\/senoticias.com.br\/se\/pt-de-sao-cristovao-define-pre-candidato-a-prefeito\/","title":{"rendered":"PT de S\u00e3o Crist\u00f3v\u00e3o define pr\u00e9-candidato a prefeito"},"content":{"rendered":"<div id=\"attachment_30541\" style=\"width: 310px\" class=\"wp-caption alignleft\"><a href=\"http:\/\/senoticias.com.br\/se\/wp-content\/uploads\/2012\/04\/DSCN3654.jpg\"><img loading=\"lazy\" decoding=\"async\" aria-describedby=\"caption-attachment-30541\" class=\"size-medium wp-image-30541\" title=\"DSCN3654\" src=\"http:\/\/senoticias.com.br\/se\/wp-content\/uploads\/2012\/04\/DSCN3654-300x225.jpg\" alt=\"\" width=\"300\" height=\"225\" srcset=\"https:\/\/senoticias.com.br\/se\/wp-content\/uploads\/2012\/04\/DSCN3654-300x225.jpg 300w, https:\/\/senoticias.com.br\/se\/wp-content\/uploads\/2012\/04\/DSCN3654-342x256.jpg 342w, https:\/\/senoticias.com.br\/se\/wp-content\/uploads\/2012\/04\/DSCN3654-60x45.jpg 60w, https:\/\/senoticias.com.br\/se\/wp-content\/uploads\/2012\/04\/DSCN3654-150x113.jpg 150w, https:\/\/senoticias.com.br\/se\/wp-content\/uploads\/2012\/04\/DSCN3654-269x201.jpg 269w, https:\/\/senoticias.com.br\/se\/wp-content\/uploads\/2012\/04\/DSCN3654.jpg 717w\" sizes=\"(max-width: 300px) 100vw, 300px\" \/><\/a><p id=\"caption-attachment-30541\" class=\"wp-caption-text\">Cla\u00fadio Sanclau, Armando Batalha, Rog\u00e9rio Carvalho,Silvio Santos e demais lideran\u00e7as.(Foto: Edmilson Brito)<\/p><\/div>\n<p style=\"text-align: justify;\">O Partido dos Trabalhadores do munic\u00edpio de S\u00e3o Crist\u00f3v\u00e3o realizou, neste domingo, 22 de abril, em encontro de defini\u00e7\u00e3o de t\u00e1tica eleitoral, a pr\u00e9-candidatura a prefeito do munic\u00edpio, confirmando, por unanimidade, o nome do Vice-Prefeito, Cl\u00e1udio Sanclau. O encontro foi um momento de defini\u00e7\u00e3o ca t\u00e1tica eleitoral do PT de S\u00e3o Crist\u00f3v\u00e3o para as elei\u00e7\u00f5es deste ano e tamb\u00e9m para um chamamento das lideran\u00e7as do partido para o novo desafio.<\/p>\n<p style=\"text-align: justify;\">Proferiu a palestra do evento, com o tema: \u201cO que move o PT? \u00c9 voc\u00ea!\u201d, o deputado Federal, Rog\u00e9rio Carvalho, que empolgou os participantes para buscar uma nova alternativa para o munic\u00edpio.\u00a0\u00a0 O presidente estadual do PT, Silvio Santos, tamb\u00e9m estava presente e conclamou a todos para o fortalecimento do partido na nova empreitada.<\/p>\n<p style=\"text-align: justify;\">Os filiados aprovaram a resolu\u00e7\u00e3o do partido que definiu a t\u00e1tica<\/p>\n<div class=\"mceTemp\" style=\"text-align: justify;\">\n<dl id=\"attachment_30542\" class=\"wp-caption alignleft\" style=\"width: 310px;\">\n<dt class=\"wp-caption-dt\"><a href=\"http:\/\/senoticias.com.br\/se\/wp-content\/uploads\/2012\/04\/DSCN3647.jpg\"><img loading=\"lazy\" decoding=\"async\" class=\"size-medium wp-image-30542\" title=\"DSCN3647\" src=\"http:\/\/senoticias.com.br\/se\/wp-content\/uploads\/2012\/04\/DSCN3647-300x225.jpg\" alt=\"\" width=\"300\" height=\"225\" srcset=\"https:\/\/senoticias.com.br\/se\/wp-content\/uploads\/2012\/04\/DSCN3647-300x225.jpg 300w, https:\/\/senoticias.com.br\/se\/wp-content\/uploads\/2012\/04\/DSCN3647-342x256.jpg 342w, https:\/\/senoticias.com.br\/se\/wp-content\/uploads\/2012\/04\/DSCN3647-60x45.jpg 60w, https:\/\/senoticias.com.br\/se\/wp-content\/uploads\/2012\/04\/DSCN3647-150x113.jpg 150w, https:\/\/senoticias.com.br\/se\/wp-content\/uploads\/2012\/04\/DSCN3647-269x201.jpg 269w, https:\/\/senoticias.com.br\/se\/wp-content\/uploads\/2012\/04\/DSCN3647.jpg 717w\" sizes=\"(max-width: 300px) 100vw, 300px\" \/><\/a><\/dt>\n<dd class=\"wp-caption-dd\">O presidente estadual do PT, Silvio Santos, tamb\u00e9m estava presente. (Foto: Edmilson Brito)<\/dd>\n<\/dl>\n<\/div>\n<p style=\"text-align: justify;\">eleitoral de 2012 e confirmaram a pr\u00e9-candidatura do Vice-Prefeito, Claudio Sanclau, para prefeito de S\u00e3o Crist\u00f3v\u00e3o, pois a partir de agora o partido coloca o nome de Cl\u00e1udio para ser referendado nas discuss\u00f5es com os partidos da base aliada.<\/p>\n<p style=\"text-align: justify;\">Claudio Sanclau afirmou est\u00e1 preparando para a disputa e que est\u00e1 motivado para essa nova empreitada. \u201cComo petista n\u00e3o fujo da luta, erramos na \u00faltima elei\u00e7\u00e3o ao apoiar o atual prefeito, mas agora chegou a nossa vez de dar a oportunidade ao povo de S\u00e3o Crist\u00f3v\u00e3o de ter um prefeito do PT, que busca sempre governar com o povo e para o povo. Logicamente que ainda sou pr\u00e9-candidato e vamos buscar partidos aliados para caminhar conosco e confirmar a nossa inten\u00e7\u00e3o, exaltou Cl\u00e1udio Sanclau\u201d.<\/p>\n<p style=\"text-align: justify;\">No evento, foi apresentado um document\u00e1rio narrando um pouco trajet\u00f3ria do partido no munic\u00edpio e\u00a0 as contribui\u00e7\u00f5es dadas nos \u00faltimos anos.<\/p>\n<p style=\"text-align: justify;\"><strong>Presen\u00e7as<\/strong><\/p>\n<p style=\"text-align: justify;\">Tamb\u00e9m participaram do evento, Ces\u00e1rio, Assessor do governador Marcelo D\u00e9da, o coordenador Estadual de Juventude do Governo do Estado, Fredson Santana, o Presidente Municipal do PT em Aracaju, Usiel Rios, o Presidente do PSB Armando Batalha, o Presidente do PTdoB, Isa\u00edas Almeida, o Presidente do PV, Sergio Ribas, o Presidente do PPL, Dominguinhos e v\u00e1rias outras lideran\u00e7as.<\/p>\n<p style=\"text-align: justify;\"><span style=\"color: #333333;\"><strong>SE Not\u00edcias com\u00a0 Edmilson Brito<\/strong><\/span><\/p>\n","protected":false},"excerpt":{"rendered":"<p>O Partido dos Trabalhadores do munic\u00edpio de S\u00e3o Crist\u00f3v\u00e3o realizou, neste domingo, 22 de abril, em encontro de defini\u00e7\u00e3o de t\u00e1tica eleitoral, a pr\u00e9-candidatura a prefeito do munic\u00edpio, confirmando, por unanimidade, o nome do Vice-Prefeito, Cl\u00e1udio Sanclau. O encontro foi um momento de defini\u00e7\u00e3o ca t\u00e1tica eleitoral do PT de S\u00e3o Crist\u00f3v\u00e3o para as elei\u00e7\u00f5es [&hellip;]<\/p>\n","protected":false},"author":3,"featured_media":30541,"comment_status":"closed","ping_status":"closed","sticky":false,"template":"","format":"standard","meta":{"footnotes":""},"categories":[38,3],"tags":[],"class_list":{"0":"post-30539","1":"post","2":"type-post","3":"status-publish","4":"format-standard","5":"has-post-thumbnail","7":"category-municipios","8":"category-saocristovao"},"_links":{"self":[{"href":"https:\/\/senoticias.com.br\/se\/wp-json\/wp\/v2\/posts\/30539"}],"collection":[{"href":"https:\/\/senoticias.com.br\/se\/wp-json\/wp\/v2\/posts"}],"about":[{"href":"https:\/\/senoticias.com.br\/se\/wp-json\/wp\/v2\/types\/post"}],"author":[{"embeddable":true,"href":"https:\/\/senoticias.com.br\/se\/wp-json\/wp\/v2\/users\/3"}],"replies":[{"embeddable":true,"href":"https:\/\/senoticias.com.br\/se\/wp-json\/wp\/v2\/comments?post=30539"}],"version-history":[{"count":0,"href":"https:\/\/senoticias.com.br\/se\/wp-json\/wp\/v2\/posts\/30539\/revisions"}],"wp:featuredmedia":[{"embeddable":true,"href":"https:\/\/senoticias.com.br\/se\/wp-json\/wp\/v2\/media\/30541"}],"wp:attachment":[{"href":"https:\/\/senoticias.com.br\/se\/wp-json\/wp\/v2\/media?parent=30539"}],"wp:term":[{"taxonomy":"category","embeddable":true,"href":"https:\/\/senoticias.com.br\/se\/wp-json\/wp\/v2\/categories?post=30539"},{"taxonomy":"post_tag","embeddable":true,"href":"https:\/\/senoticias.com.br\/se\/wp-json\/wp\/v2\/tags?post=30539"}],"curies":[{"name":"wp","href":"https:\/\/api.w.org\/{rel}","templated":true}]}}