{"id":30521,"date":"2012-04-22T16:24:04","date_gmt":"2012-04-22T19:24:04","guid":{"rendered":"http:\/\/senoticias.com.br\/se\/?p=30521"},"modified":"2012-04-22T16:24:43","modified_gmt":"2012-04-22T19:24:43","slug":"radio-patrulha-prende-homem-armado-com-pistola-no-santa-tereza","status":"publish","type":"post","link":"https:\/\/senoticias.com.br\/se\/radio-patrulha-prende-homem-armado-com-pistola-no-santa-tereza\/","title":{"rendered":"R\u00e1dio Patrulha prende homem armado com pistola no Santa Tereza"},"content":{"rendered":"<div id=\"attachment_30522\" style=\"width: 310px\" class=\"wp-caption alignleft\"><a href=\"http:\/\/senoticias.com.br\/se\/wp-content\/uploads\/2012\/04\/img4f9439376ee55.jpg\"><img loading=\"lazy\" decoding=\"async\" aria-describedby=\"caption-attachment-30522\" class=\"size-medium wp-image-30522\" title=\"img4f9439376ee55\" src=\"http:\/\/senoticias.com.br\/se\/wp-content\/uploads\/2012\/04\/img4f9439376ee55-300x225.jpg\" alt=\"\" width=\"300\" height=\"225\" srcset=\"https:\/\/senoticias.com.br\/se\/wp-content\/uploads\/2012\/04\/img4f9439376ee55-300x225.jpg 300w, https:\/\/senoticias.com.br\/se\/wp-content\/uploads\/2012\/04\/img4f9439376ee55-342x256.jpg 342w, https:\/\/senoticias.com.br\/se\/wp-content\/uploads\/2012\/04\/img4f9439376ee55-60x45.jpg 60w, https:\/\/senoticias.com.br\/se\/wp-content\/uploads\/2012\/04\/img4f9439376ee55-150x113.jpg 150w, https:\/\/senoticias.com.br\/se\/wp-content\/uploads\/2012\/04\/img4f9439376ee55-269x201.jpg 269w, https:\/\/senoticias.com.br\/se\/wp-content\/uploads\/2012\/04\/img4f9439376ee55.jpg 640w\" sizes=\"(max-width: 300px) 100vw, 300px\" \/><\/a><p id=\"caption-attachment-30522\" class=\"wp-caption-text\">Foto ilustrativa (Arquivo CPRp\/PMSE)<\/p><\/div>\n<p style=\"text-align: justify;\">A Pol\u00edcia Militar de Sergipe, atrav\u00e9s da Companhia de Pol\u00edcia de Radiopatrulha (CPRp), prendeu, no s\u00e1bado, 21, Ginaldo Santos Neto, de 20 anos, suspeito de porte ilegal de arma de fogo, no bairro Santa Tereza, zona sul da capital.<\/p>\n<p style=\"text-align: justify;\">A pris\u00e3o ocorreu quando a guarni\u00e7\u00e3o Le\u00e3o 21, da Radiopatrulha, comandada pelo cabo Joeliton, realizava rondas na avenida Senador J\u00falio Leite e recebeu a informa\u00e7\u00e3o da exist\u00eancia de um indiv\u00edduo que transitava armado, em uma pra\u00e7a do bairro Santa Tereza. A equipe policial se dirigiu ao local e identificou um cidad\u00e3o com as caracter\u00edsticas repassadas pelo denunciante.<\/p>\n<p style=\"text-align: justify;\">O suspeito foi submetido \u00e0 abordagem e com ele, a pol\u00edcia apreendeu uma pistola de calibre n\u00e3o identificado, al\u00e9m de tr\u00eas muni\u00e7\u00f5es de calibre 32. Ginaldo foi conduzido \u00e0 Delegacia Plantonista por porte ilegal de arma, onde permaneceu \u00e0 disposi\u00e7\u00e3o daquala unidade da Pol\u00edcia Civil.<\/p>\n<p style=\"text-align: justify;\"><strong>Estat\u00edstica<\/strong><\/p>\n<p style=\"text-align: justify;\">Vale ressaltar que, com esta apreens\u00e3o, a Companhia de Radiopatrulha totaliza 71 armas retiradas de circula\u00e7\u00e3o entre os meses de janeiro e abril de 2012, prevenindo o emprego destas na pr\u00e1tica de delitos contra a vida e contra o patrim\u00f4nio dos cidad\u00e3os sergipanos.<\/p>\n<p style=\"text-align: justify;\">Ascom\/PM<\/p>\n","protected":false},"excerpt":{"rendered":"<p>A Pol\u00edcia Militar de Sergipe, atrav\u00e9s da Companhia de Pol\u00edcia de Radiopatrulha (CPRp), prendeu, no s\u00e1bado, 21, Ginaldo Santos Neto, de 20 anos, suspeito de porte ilegal de arma de fogo, no bairro Santa Tereza, zona sul da capital. A pris\u00e3o ocorreu quando a guarni\u00e7\u00e3o Le\u00e3o 21, da Radiopatrulha, comandada pelo cabo Joeliton, realizava rondas [&hellip;]<\/p>\n","protected":false},"author":3,"featured_media":30522,"comment_status":"closed","ping_status":"closed","sticky":false,"template":"","format":"standard","meta":{"footnotes":""},"categories":[7],"tags":[],"class_list":{"0":"post-30521","1":"post","2":"type-post","3":"status-publish","4":"format-standard","5":"has-post-thumbnail","7":"category-policia"},"_links":{"self":[{"href":"https:\/\/senoticias.com.br\/se\/wp-json\/wp\/v2\/posts\/30521"}],"collection":[{"href":"https:\/\/senoticias.com.br\/se\/wp-json\/wp\/v2\/posts"}],"about":[{"href":"https:\/\/senoticias.com.br\/se\/wp-json\/wp\/v2\/types\/post"}],"author":[{"embeddable":true,"href":"https:\/\/senoticias.com.br\/se\/wp-json\/wp\/v2\/users\/3"}],"replies":[{"embeddable":true,"href":"https:\/\/senoticias.com.br\/se\/wp-json\/wp\/v2\/comments?post=30521"}],"version-history":[{"count":0,"href":"https:\/\/senoticias.com.br\/se\/wp-json\/wp\/v2\/posts\/30521\/revisions"}],"wp:featuredmedia":[{"embeddable":true,"href":"https:\/\/senoticias.com.br\/se\/wp-json\/wp\/v2\/media\/30522"}],"wp:attachment":[{"href":"https:\/\/senoticias.com.br\/se\/wp-json\/wp\/v2\/media?parent=30521"}],"wp:term":[{"taxonomy":"category","embeddable":true,"href":"https:\/\/senoticias.com.br\/se\/wp-json\/wp\/v2\/categories?post=30521"},{"taxonomy":"post_tag","embeddable":true,"href":"https:\/\/senoticias.com.br\/se\/wp-json\/wp\/v2\/tags?post=30521"}],"curies":[{"name":"wp","href":"https:\/\/api.w.org\/{rel}","templated":true}]}}