{"id":30499,"date":"2012-04-22T08:36:30","date_gmt":"2012-04-22T11:36:30","guid":{"rendered":"http:\/\/senoticias.com.br\/se\/?p=30499"},"modified":"2012-04-23T08:40:51","modified_gmt":"2012-04-23T11:40:51","slug":"cantor-leonardo-pede-aos-fas-corrente-para-recuperacao-do-filho","status":"publish","type":"post","link":"https:\/\/senoticias.com.br\/se\/cantor-leonardo-pede-aos-fas-corrente-para-recuperacao-do-filho\/","title":{"rendered":"Cantor Leonardo pede aos f\u00e3s corrente para recupera\u00e7\u00e3o do filho"},"content":{"rendered":"<p><span style=\"color: #808080;\"><strong>M\u00fasico se apresentou, na noite deste s\u00e1bado (21), no Rio de Janeiro.<\/strong><\/span><br \/>\n<span style=\"color: #808080;\"><strong> O filho Pedro segue internado em coma induzido em hospital de Goi\u00e2nia.<\/strong><\/span><\/p>\n<p style=\"text-align: justify;\">Durante show na noite deste s\u00e1bado (21), no Rio de Janeiro, o cantor Leonardo se emocionou e pediu aos f\u00e3s que fizessem uma corrente para o filho Pedro, internado em coma e em estado grave, <a href=\"%20%20http:\/\/senoticias.com.br\/se\/?p=30418\" target=\"_blank\"><span style=\"color: #0000ff;\"><strong>ap\u00f3s sofrer um acidente de carro<\/strong><\/span><\/a>, em Minas Gerais.<\/p>\n<div id=\"attachment_30500\" style=\"width: 605px\" class=\"wp-caption aligncenter\"><a href=\"http:\/\/senoticias.com.br\/se\/wp-content\/uploads\/2012\/04\/leonardo.jpg\"><img loading=\"lazy\" decoding=\"async\" aria-describedby=\"caption-attachment-30500\" class=\"size-full wp-image-30500\" title=\"leonardo\" src=\"http:\/\/senoticias.com.br\/se\/wp-content\/uploads\/2012\/04\/leonardo.jpg\" alt=\"\" width=\"595\" height=\"446\" srcset=\"https:\/\/senoticias.com.br\/se\/wp-content\/uploads\/2012\/04\/leonardo.jpg 595w, https:\/\/senoticias.com.br\/se\/wp-content\/uploads\/2012\/04\/leonardo-300x224.jpg 300w, https:\/\/senoticias.com.br\/se\/wp-content\/uploads\/2012\/04\/leonardo-342x256.jpg 342w, https:\/\/senoticias.com.br\/se\/wp-content\/uploads\/2012\/04\/leonardo-60x45.jpg 60w, https:\/\/senoticias.com.br\/se\/wp-content\/uploads\/2012\/04\/leonardo-150x113.jpg 150w, https:\/\/senoticias.com.br\/se\/wp-content\/uploads\/2012\/04\/leonardo-269x201.jpg 269w\" sizes=\"(max-width: 595px) 100vw, 595px\" \/><\/a><p id=\"caption-attachment-30500\" class=\"wp-caption-text\">Cantor se emocionou durante o show ao lembrar do filho Pedro (Foto: Alexandre Dur\u00e3o\/ G1)<\/p><\/div>\n<p style=\"text-align: justify;\">&#8220;Eu gostaria que a gente unisse hoje o show, a festa, a lembran\u00e7a do Leandro e Leonardo, e fizesse uma corrente religiosa para que meu filho permane\u00e7a aqui com a gente&#8221;, disse o cantor, enxugando os olhos.<\/p>\n<p style=\"text-align: justify;\">Leonardo lembrou que, h\u00e1 14 anos, o irm\u00e3o e parceiro Leandro sentiu dores em um show e algum tempo depois morreu. Ele agradeceu a presen\u00e7a e o carinho de todos e as mensagens de apoio que vem recebendo.<\/p>\n<p style=\"text-align: justify;\">O m\u00fasico pisou no palco do Citibank Hall, na Barra da Tijuca, Zona Oeste do Rio, \u00e0s 22h40 da noite. Segundo assessores, foi o \u00fanico compromisso que n\u00e3o cancelou at\u00e9 o fim de semana.<\/p>\n<p style=\"text-align: justify;\">Depois de quatro m\u00fasicas executadas, falou aos f\u00e3s, contou que o estado de sa\u00fade do filho \u00e9 grave e mais uma vez recorreu ao irm\u00e3o falecido: \u201cPelas fotos do carro que eu vi, pelo jeito que ele est\u00e1 no hospital antes de eu vir pra c\u00e1, eu vi que realmente tem um talism\u00e3 na nossa vida chamado Leandro, que salvou esse moleque. Porque n\u00e3o foi bonito n\u00e3o\u201d.<\/p>\n<p style=\"text-align: justify;\">Leonardo tamb\u00e9m deixou transparecer seu orgulho paterno. \u201cEu sabia que o Pedro era um moleque muito querido. O Brasil todo fala. Mas agora estou vendo que ele \u00e9 muito mais querido do que eu imaginava\u201d, afirmou. E mais uma vez pediu ora\u00e7\u00f5es para a recupera\u00e7\u00e3o do filho: \u201cNa hora de botar a cabe\u00e7a no travesseiro e vir ora\u00e7\u00f5es ao nosso querido Pedr\u00e3o. Volte pra n\u00f3s a\u00ed. Vai melhorar, vamos l\u00e1, meu filho\u201d.<\/p>\n<p style=\"text-align: justify;\"><strong>Acidente ap\u00f3s show<\/strong><\/p>\n<p style=\"text-align: justify;\">O filho de Leonardo, o tamb\u00e9m cantor Pedro Dantas, sofreu o acidente quando voltava de carro de Uberl\u00e2ndia (MG), ap\u00f3s se apresentar em um show, na \u00faltima quinta-feira (19). Os m\u00e9dicos do Instituto Ortop\u00e9dico de Goi\u00e2nia, onde ele est\u00e1 internado, diagnosticaram o cantor com um quadro &#8220;extremamente grave&#8221;.<\/p>\n<p style=\"text-align: justify;\">Segundo o diretor da UTI do hospital, Wandervan Ant\u00f4nio Azevedo, em uma tomografia realizada na noite deste s\u00e1bado (21), n\u00e3o foi constatada altera\u00e7\u00e3o no edema cerebral apresentado por Pedro. O m\u00e9dico informou que, apesar da pneumonia, o que mais preocupa a equipe m\u00e9dica \u00e9 a quest\u00e3o neurol\u00f3gica.<\/p>\n<p style=\"text-align: justify;\"><span style=\"color: #808080;\"><strong>Marcelo Ahmed Do G1 RJ<\/strong><\/span><\/p>\n<p style=\"text-align: justify;\">&#8220;N\u00e3o teve nenhuma altera\u00e7\u00e3o, o que \u00e9 bom. N\u00e3o esper\u00e1vamos que o edema fosse melhorar agora. Mas n\u00e3o aumentou, o que \u00e9 muito importante&#8221;, disse Azevedo.<\/p>\n<p style=\"text-align: justify;\"><strong>Pneumonia<\/strong><\/p>\n<p style=\"text-align: justify;\">Azevedo falou novamente sobre a pneumonia, classificada como aspirativa: &#8220;Ele deve ter vomitado e foi para o pulm\u00e3o&#8221;, disse o diretor do hospital. A complica\u00e7\u00e3o, segundo o m\u00e9dico, est\u00e1 sendo tratada com antibi\u00f3tico.<\/p>\n<p style=\"text-align: justify;\">De acordo com Wandervan Azevedo, as pr\u00f3ximas 48 horas s\u00e3o cruciais para saber como Pedro vai reagir ao tratamento. Enquanto isso, ele continua sedado, em coma induzido e respirando com ajuda de aparelhos, disse o diretor.<\/p>\n<p style=\"text-align: justify;\"><strong>Exames<\/strong><\/p>\n<p style=\"text-align: justify;\">Na sexta \u00e0 noite, o cantor passou por exames que constataram o edema cerebral e os m\u00e9dicos diagnosticaram a necessidade de que Pedro permanecesse em coma induzido por pelo menos tr\u00eas dias, para que c\u00e9rebro volte ao tamanho normal.<\/p>\n<p style=\"text-align: justify;\">Pedro, que faz dupla com o primo Thiago, filho do falecido Leandro, voltava de MG, onde realizou um show na noite de quinta-feira (19), quando capotou o carro, na rodovia MGC-452, pr\u00f3ximo \u00e0 divisa de Goi\u00e1s e Minas Gerais. Ele foi internado no Hospital Municipal de Itumbiara, onde passou por cirurgia para conter hemorragia abdominal. Ainda na sexta-feira, ele foi encaminhado para Goi\u00e2nia, onde est\u00e1 internado.<\/p>\n<p style=\"text-align: justify;\"><strong>Visitas<\/strong><\/p>\n<p style=\"text-align: justify;\">Durante a tarde de sexta, parentes e amigos estiveram no hospital. A m\u00e3e, Maria Aparecida Dantas, foi a primeira a chegar. Em entrevista, Leonardo lamentou ocorrido com o filho: &#8220;Eu pedia para ele dormir na cidade e s\u00f3 viajar depois. Mas menino voc\u00ea sabe como \u00e9&#8221;.<\/p>\n<p style=\"text-align: justify;\">Thiago, com quem Pedro faz dupla, informou com exclusividade ao G1, na noite de sexta-feira, que cancelou os pr\u00f3ximos shows da dupla. Segundo ele, a prioridade \u00e9 a recupera\u00e7\u00e3o do companheiro.<\/p>\n<p style=\"text-align: justify;\"><strong>Acidente<\/strong><\/p>\n<p style=\"text-align: justify;\">Pedro voltava de Uberl\u00e2ndia (MG), onde fez um show na noite de quinta-feira (19), quando capotou o carro que dirigia, um Kia Picanto. O acidente aconteceu por volta das 7h, na rodovia MGC-452, no munic\u00edpio de Tupaciguara (MG), pr\u00f3ximo \u00e0 divisa de Minas Gerais com Goi\u00e1s.<\/p>\n<p style=\"text-align: justify;\">\n","protected":false},"excerpt":{"rendered":"<p>M\u00fasico se apresentou, na noite deste s\u00e1bado (21), no Rio de Janeiro. O filho Pedro segue internado em coma induzido em hospital de Goi\u00e2nia. Durante show na noite deste s\u00e1bado (21), no Rio de Janeiro, o cantor Leonardo se emocionou e pediu aos f\u00e3s que fizessem uma corrente para o filho Pedro, internado em coma [&hellip;]<\/p>\n","protected":false},"author":3,"featured_media":30500,"comment_status":"closed","ping_status":"closed","sticky":false,"template":"","format":"standard","meta":{"footnotes":""},"categories":[22],"tags":[],"class_list":{"0":"post-30499","1":"post","2":"type-post","3":"status-publish","4":"format-standard","5":"has-post-thumbnail","7":"category-famosos"},"_links":{"self":[{"href":"https:\/\/senoticias.com.br\/se\/wp-json\/wp\/v2\/posts\/30499"}],"collection":[{"href":"https:\/\/senoticias.com.br\/se\/wp-json\/wp\/v2\/posts"}],"about":[{"href":"https:\/\/senoticias.com.br\/se\/wp-json\/wp\/v2\/types\/post"}],"author":[{"embeddable":true,"href":"https:\/\/senoticias.com.br\/se\/wp-json\/wp\/v2\/users\/3"}],"replies":[{"embeddable":true,"href":"https:\/\/senoticias.com.br\/se\/wp-json\/wp\/v2\/comments?post=30499"}],"version-history":[{"count":0,"href":"https:\/\/senoticias.com.br\/se\/wp-json\/wp\/v2\/posts\/30499\/revisions"}],"wp:featuredmedia":[{"embeddable":true,"href":"https:\/\/senoticias.com.br\/se\/wp-json\/wp\/v2\/media\/30500"}],"wp:attachment":[{"href":"https:\/\/senoticias.com.br\/se\/wp-json\/wp\/v2\/media?parent=30499"}],"wp:term":[{"taxonomy":"category","embeddable":true,"href":"https:\/\/senoticias.com.br\/se\/wp-json\/wp\/v2\/categories?post=30499"},{"taxonomy":"post_tag","embeddable":true,"href":"https:\/\/senoticias.com.br\/se\/wp-json\/wp\/v2\/tags?post=30499"}],"curies":[{"name":"wp","href":"https:\/\/api.w.org\/{rel}","templated":true}]}}