{"id":30491,"date":"2012-04-22T08:26:26","date_gmt":"2012-04-22T11:26:26","guid":{"rendered":"http:\/\/senoticias.com.br\/se\/?p=30491"},"modified":"2012-04-23T16:33:11","modified_gmt":"2012-04-23T19:33:11","slug":"sob-nova-gestao-stf-julga-sistema-de-cotas-na-quarta","status":"publish","type":"post","link":"https:\/\/senoticias.com.br\/se\/sob-nova-gestao-stf-julga-sistema-de-cotas-na-quarta\/","title":{"rendered":"Sob nova gest\u00e3o, STF julga sistema de cotas na quarta"},"content":{"rendered":"<p style=\"text-align: justify;\"><span style=\"color: #808080;\"><strong>Ser\u00e1 o primeiro julgamento do ministro Ayres Britto como presidente do Supremo.<\/strong><\/span><\/p>\n<p style=\"text-align: justify;\">O presidente do Supremo Tribunal Federal (STF), Ayres Britto, rec\u00e9m-empossado no cargo, afirmou que o primeiro julgamento de sua gest\u00e3o vai decidir sobre a constitucionalidade da pol\u00edtica de cotas em institui\u00e7\u00f5es de ensino no Brasil, contestadas em tr\u00eas a\u00e7\u00f5es que tramitam no STF.<\/p>\n<p style=\"text-align: justify;\">A pauta da pr\u00f3xima quarta-feira (24) prev\u00ea o julgamento da a\u00e7\u00e3o protocolada pelo DEM contra o sistema de cotas da Universidade de Bras\u00edlia e do recurso que questiona a pol\u00edtica adotada pela Universidade do Rio Grande do Sul, que combina dois crit\u00e9rios para a sele\u00e7\u00e3o: a origem de escola p\u00fablica e a &#8220;ra\u00e7a&#8221;. Os dois processos s\u00e3o de relatoria do ministro Ricardo Lewandowski.<\/p>\n<div id=\"attachment_30492\" style=\"width: 605px\" class=\"wp-caption aligncenter\"><a href=\"http:\/\/senoticias.com.br\/se\/wp-content\/uploads\/2012\/04\/stf-ayres-britto.jpg\"><img loading=\"lazy\" decoding=\"async\" aria-describedby=\"caption-attachment-30492\" class=\"size-full wp-image-30492\" title=\"stf-ayres-britto\" src=\"http:\/\/senoticias.com.br\/se\/wp-content\/uploads\/2012\/04\/stf-ayres-britto.jpg\" alt=\"\" width=\"595\" height=\"216\" srcset=\"https:\/\/senoticias.com.br\/se\/wp-content\/uploads\/2012\/04\/stf-ayres-britto.jpg 595w, https:\/\/senoticias.com.br\/se\/wp-content\/uploads\/2012\/04\/stf-ayres-britto-300x108.jpg 300w, https:\/\/senoticias.com.br\/se\/wp-content\/uploads\/2012\/04\/stf-ayres-britto-342x124.jpg 342w\" sizes=\"(max-width: 595px) 100vw, 595px\" \/><\/a><p id=\"caption-attachment-30492\" class=\"wp-caption-text\">O plen\u00e1rio do STF, durante cerim\u00f4nia de posse de Ayres Britto, na \u00faltima quinta (19) (Foto: Jos\u00e9 Cruz\/ABr)<\/p><\/div>\n<p style=\"text-align: justify;\">Outra a\u00e7\u00e3o que deve ser analisada na pr\u00f3xima semana \u00e9 a que contesta o sistema de reserva de bolsas de estudo para negros, ind\u00edgenas, pessoas com defici\u00eancia e alunos da rede p\u00fablica implementado pelo Programa Universidade para Todos (ProUni) do governo federal. O sistema de sele\u00e7\u00e3o para recebimento do benef\u00edcio foi atacado pelo DEM e por entidades como a Confedera\u00e7\u00e3o Nacional dos Estabelecimentos de Ensino.<\/p>\n<p style=\"text-align: justify;\">O argumento \u00e9 que trechos da lei que criou o programa ofenderiam princ\u00edpios constitucionais como o da igualdade e da isonomia. As entidades sustentam, por exemplo, que n\u00e3o seria leg\u00edtima a reserva de vagas com base na condi\u00e7\u00e3o s\u00f3cio-econ\u00f4mica do aluno ou em crit\u00e9rio racial.<\/p>\n<p style=\"text-align: justify;\">O tema foi debatido em audi\u00eancias p\u00fablicas realizadas pelo Supremo, em mar\u00e7o de 2010, com a participa\u00e7\u00e3o de mais de 40 especialistas convidados. A principal pol\u00eamica \u00e9 a ado\u00e7\u00e3o da quest\u00e3o racial como crit\u00e9rio em detrimento de outros fatores, como a renda do candidato.<\/p>\n<p style=\"text-align: justify;\"><span style=\"color: #808080;\"><strong>D\u00e9bora Santos Do G1, em Bras\u00edlia<\/strong><\/span><\/p>\n","protected":false},"excerpt":{"rendered":"<p>Ser\u00e1 o primeiro julgamento do ministro Ayres Britto como presidente do Supremo. O presidente do Supremo Tribunal Federal (STF), Ayres Britto, rec\u00e9m-empossado no cargo, afirmou que o primeiro julgamento de sua gest\u00e3o vai decidir sobre a constitucionalidade da pol\u00edtica de cotas em institui\u00e7\u00f5es de ensino no Brasil, contestadas em tr\u00eas a\u00e7\u00f5es que tramitam no STF. [&hellip;]<\/p>\n","protected":false},"author":3,"featured_media":30492,"comment_status":"closed","ping_status":"closed","sticky":false,"template":"","format":"standard","meta":{"footnotes":""},"categories":[15,38],"tags":[],"class_list":{"0":"post-30491","1":"post","2":"type-post","3":"status-publish","4":"format-standard","5":"has-post-thumbnail","7":"category-destaques","8":"category-municipios"},"_links":{"self":[{"href":"https:\/\/senoticias.com.br\/se\/wp-json\/wp\/v2\/posts\/30491"}],"collection":[{"href":"https:\/\/senoticias.com.br\/se\/wp-json\/wp\/v2\/posts"}],"about":[{"href":"https:\/\/senoticias.com.br\/se\/wp-json\/wp\/v2\/types\/post"}],"author":[{"embeddable":true,"href":"https:\/\/senoticias.com.br\/se\/wp-json\/wp\/v2\/users\/3"}],"replies":[{"embeddable":true,"href":"https:\/\/senoticias.com.br\/se\/wp-json\/wp\/v2\/comments?post=30491"}],"version-history":[{"count":0,"href":"https:\/\/senoticias.com.br\/se\/wp-json\/wp\/v2\/posts\/30491\/revisions"}],"wp:featuredmedia":[{"embeddable":true,"href":"https:\/\/senoticias.com.br\/se\/wp-json\/wp\/v2\/media\/30492"}],"wp:attachment":[{"href":"https:\/\/senoticias.com.br\/se\/wp-json\/wp\/v2\/media?parent=30491"}],"wp:term":[{"taxonomy":"category","embeddable":true,"href":"https:\/\/senoticias.com.br\/se\/wp-json\/wp\/v2\/categories?post=30491"},{"taxonomy":"post_tag","embeddable":true,"href":"https:\/\/senoticias.com.br\/se\/wp-json\/wp\/v2\/tags?post=30491"}],"curies":[{"name":"wp","href":"https:\/\/api.w.org\/{rel}","templated":true}]}}