{"id":30100,"date":"2012-04-17T16:20:20","date_gmt":"2012-04-17T19:20:20","guid":{"rendered":"http:\/\/senoticias.com.br\/se\/?p=30100"},"modified":"2012-04-18T22:30:55","modified_gmt":"2012-04-19T01:30:55","slug":"rogerio-agradece-a-militancia-do-pt-e-juntos-elaboram-plano-de-governo-da-pre-candidatura","status":"publish","type":"post","link":"https:\/\/senoticias.com.br\/se\/rogerio-agradece-a-militancia-do-pt-e-juntos-elaboram-plano-de-governo-da-pre-candidatura\/","title":{"rendered":"Rog\u00e9rio agradece a milit\u00e2ncia do PT e juntos elaboram plano de governo da pr\u00e9-candidatura"},"content":{"rendered":"<div id=\"attachment_30101\" style=\"width: 310px\" class=\"wp-caption alignleft\"><a href=\"http:\/\/senoticias.com.br\/se\/wp-content\/uploads\/2012\/04\/tb17_4_2012__16_0_58___491.jpg\"><img loading=\"lazy\" decoding=\"async\" aria-describedby=\"caption-attachment-30101\" class=\"size-medium wp-image-30101\" title=\"tb17_4_2012__16_0_58___491\" src=\"http:\/\/senoticias.com.br\/se\/wp-content\/uploads\/2012\/04\/tb17_4_2012__16_0_58___491-300x179.jpg\" alt=\"\" width=\"300\" height=\"179\" srcset=\"https:\/\/senoticias.com.br\/se\/wp-content\/uploads\/2012\/04\/tb17_4_2012__16_0_58___491-300x179.jpg 300w, https:\/\/senoticias.com.br\/se\/wp-content\/uploads\/2012\/04\/tb17_4_2012__16_0_58___491-342x205.jpg 342w, https:\/\/senoticias.com.br\/se\/wp-content\/uploads\/2012\/04\/tb17_4_2012__16_0_58___491.jpg 552w\" sizes=\"(max-width: 300px) 100vw, 300px\" \/><\/a><p id=\"caption-attachment-30101\" class=\"wp-caption-text\">O pr\u00e9-candidato a prefeitura de Aracaju, deputado federal Rog\u00e9rio Carvalho.<\/p><\/div>\n<p style=\"text-align: justify;\">O pr\u00e9-candidato a prefeitura de Aracaju, deputado federal Rog\u00e9rio Carvalho, agradeceu a milit\u00e2ncia do PT por ter sido escolhido pelo partido, apto a disputar o cargo majorit\u00e1rio da administra\u00e7\u00e3o municipal, atrav\u00e9s de documento enviado pelo Diret\u00f3rio Estadual \u00e0 imprensa nesta segunda feira. Por telefone, do Rio de Janeiro, ele comentou:<\/p>\n<p style=\"text-align: justify;\">\u201cAgora que a milit\u00e2ncia registrou a vontade que j\u00e1 tinha demonstrado nas pr\u00e9vias e que mostramos que o partido est\u00e1 unido e un\u00edssono para esta disputa, vamos elaborar juntos o plano de governo para apresentar aos demais partidos. Vamos ouvir as lideran\u00e7as em todo o Estado, vamos abrir espa\u00e7o para as sugest\u00f5es em redes sociais para que todos os cidad\u00e3os nos deem sugest\u00f5es para esta pr\u00e9-candidatura. \u00c9 desta forma, que n\u00f3s, o PT, vamos ensaiar o nosso novo modo de governar, o Governar com, em que as grandes decis\u00f5es n\u00e3o ser\u00e3o mais tomadas nos gabinetes, mas com o aval da popula\u00e7\u00e3o, uma decis\u00e3o que sair\u00e1 do bairro, da comunidade, daquela pessoa em conjunto, num verdadeiro exerc\u00edcio da democracia\u201d, avaliou.<\/p>\n<p style=\"text-align: justify;\"><strong>RESOLU\u00c7\u00c3O POLITICA DO DIRET\u00d3RIO ESTADUAL DO PT<\/strong><\/p>\n<p style=\"text-align: justify;\">1 &#8211; Gra\u00e7as \u00e0s a\u00e7\u00f5es dos governos Lula e Dilma o Brasil vive hoje momentos de estabilidade e crescimento econ\u00f4mico e social, quando no restante do mundo a crise se instala, pa\u00edses afetados buscam no Brasil ajuda para enfrent\u00e1-la e supera-la;<\/p>\n<p style=\"text-align: justify;\">2 &#8211; Nosso Governo Dilma segue tomando medidas que contribuem para nosso crescimento, como redu\u00e7\u00f5es seguidas da taxa Selic, redu\u00e7\u00e3o dos juros ao consumidor do Banco do Brasil e Caixa Econ\u00f4mica Federal, incentivos fiscais, entre outras;<\/p>\n<p style=\"text-align: justify;\">3 &#8211; Todas estas medidas alem de outras no campo pol\u00edtico fazem a nossa Presidenta Dilma bater seguidos recordes de aprova\u00e7\u00e3o agora em 77%, levando a oposi\u00e7\u00e3o ao desespero e ao definhamento;<\/p>\n<p style=\"text-align: justify;\">4 &#8211; Em Sergipe o Governo D\u00e9da tem dado sequencia as a\u00e7\u00f5es iniciadas em seu primeiro mandato, obras estruturantes, respeito e valoriza\u00e7\u00e3o do Servidor, e compromisso social com os mais necessitados;<\/p>\n<p style=\"text-align: justify;\">5 -Apoiamos as a\u00e7\u00f5es tomadas pelo Governador no tocante ao epis\u00f3dio de rompimento provocado por partidos antes integrantes da nossa base aliada, pois acreditamos que a pol\u00edtica deve ser feita com clareza e n\u00e3o com atitudes golpistas;<\/p>\n<p style=\"text-align: justify;\">6 &#8211; As elei\u00e7\u00f5es de 2012 se aproximam, e o Partido dos Trabalhadores se prepara para ao lado dos Partidos aliados, conquistar o maior n\u00famero de Prefeitos e de vereadores poss\u00edveis. Nesse contexto o PT ressalta a import\u00e2ncia da participa\u00e7\u00e3o na pol\u00edtica e incentiva, estimula e apoia nossas candidatas nas elei\u00e7\u00f5es 2012;<\/p>\n<p style=\"text-align: justify;\">7-\u00a0\u00a0\u00a0\u00a0 N\u00e3o aceitamos que nos chamem de exclusivistas, pois no ano de 2008 apoiamos o PC do B para a Prefeitura de Aracaju, e caminhamos para apoiar um candidato de outro Partido ao Governo em 2014, por isto o dialogo para a escolha dos candidatos a Prefeito deve ser fraterno e respeitoso, como sempre foi em nosso bloco hist\u00f3rico;<\/p>\n<p style=\"text-align: justify;\">8 &#8211; Temos Prefeitos que pelo \u00f3timo trabalho realizado se credenciaram como candidatos naturais a reelei\u00e7\u00e3o. A estes, todo o nosso apoio. Envidaremos todos os nossos esfor\u00e7os para viabilizar suas reelei\u00e7\u00f5es.\u00a0 H\u00e1 outros v\u00e1rios casos de companheiros que se constitu\u00edram em lideran\u00e7as importantes em seus munic\u00edpios e colocam seus nomes a disposi\u00e7\u00e3o dos aliados para an\u00e1lise;<\/p>\n<p style=\"text-align: justify;\">9 &#8211; Em Aracaju, o PT reivindica liderar uma frente de partidos, aliados hist\u00f3ricos. Para isso foi escolhido em elei\u00e7\u00f5es pr\u00e9vias, o companheiro Rog\u00e9rio Carvalho. Legitimidado pelo voto da maioria dos filiados \u00e9 o nome que o PT defende e apresenta para a sociedade e para os partidos aliados;<\/p>\n<p style=\"text-align: justify;\"><strong>Diret\u00f3rio Estadual do Partido dos Trabalhadores\u00a0 \u00a0<\/strong><\/p>\n","protected":false},"excerpt":{"rendered":"<p>O pr\u00e9-candidato a prefeitura de Aracaju, deputado federal Rog\u00e9rio Carvalho, agradeceu a milit\u00e2ncia do PT por ter sido escolhido pelo partido, apto a disputar o cargo majorit\u00e1rio da administra\u00e7\u00e3o municipal, atrav\u00e9s de documento enviado pelo Diret\u00f3rio Estadual \u00e0 imprensa nesta segunda feira. Por telefone, do Rio de Janeiro, ele comentou: \u201cAgora que a milit\u00e2ncia registrou [&hellip;]<\/p>\n","protected":false},"author":3,"featured_media":30101,"comment_status":"closed","ping_status":"closed","sticky":false,"template":"","format":"standard","meta":{"footnotes":""},"categories":[6],"tags":[],"class_list":{"0":"post-30100","1":"post","2":"type-post","3":"status-publish","4":"format-standard","5":"has-post-thumbnail","7":"category-politica"},"_links":{"self":[{"href":"https:\/\/senoticias.com.br\/se\/wp-json\/wp\/v2\/posts\/30100"}],"collection":[{"href":"https:\/\/senoticias.com.br\/se\/wp-json\/wp\/v2\/posts"}],"about":[{"href":"https:\/\/senoticias.com.br\/se\/wp-json\/wp\/v2\/types\/post"}],"author":[{"embeddable":true,"href":"https:\/\/senoticias.com.br\/se\/wp-json\/wp\/v2\/users\/3"}],"replies":[{"embeddable":true,"href":"https:\/\/senoticias.com.br\/se\/wp-json\/wp\/v2\/comments?post=30100"}],"version-history":[{"count":0,"href":"https:\/\/senoticias.com.br\/se\/wp-json\/wp\/v2\/posts\/30100\/revisions"}],"wp:featuredmedia":[{"embeddable":true,"href":"https:\/\/senoticias.com.br\/se\/wp-json\/wp\/v2\/media\/30101"}],"wp:attachment":[{"href":"https:\/\/senoticias.com.br\/se\/wp-json\/wp\/v2\/media?parent=30100"}],"wp:term":[{"taxonomy":"category","embeddable":true,"href":"https:\/\/senoticias.com.br\/se\/wp-json\/wp\/v2\/categories?post=30100"},{"taxonomy":"post_tag","embeddable":true,"href":"https:\/\/senoticias.com.br\/se\/wp-json\/wp\/v2\/tags?post=30100"}],"curies":[{"name":"wp","href":"https:\/\/api.w.org\/{rel}","templated":true}]}}