{"id":30093,"date":"2012-04-17T16:08:51","date_gmt":"2012-04-17T19:08:51","guid":{"rendered":"http:\/\/senoticias.com.br\/se\/?p=30093"},"modified":"2012-04-17T16:15:49","modified_gmt":"2012-04-17T19:15:49","slug":"deda-apresenta-projeto-ao-bid-para-execucao-do-hospital-do-cancer","status":"publish","type":"post","link":"https:\/\/senoticias.com.br\/se\/deda-apresenta-projeto-ao-bid-para-execucao-do-hospital-do-cancer\/","title":{"rendered":"D\u00e9da apresenta projeto ao BID para execu\u00e7\u00e3o do Hospital do C\u00e2ncer"},"content":{"rendered":"<p style=\"text-align: justify;\"><a href=\"http:\/\/senoticias.com.br\/se\/wp-content\/uploads\/2012\/04\/deda.jpeg\"><img loading=\"lazy\" decoding=\"async\" class=\"alignleft size-medium wp-image-30096\" title=\"deda\" src=\"http:\/\/senoticias.com.br\/se\/wp-content\/uploads\/2012\/04\/deda-300x199.jpg\" alt=\"\" width=\"300\" height=\"199\" srcset=\"https:\/\/senoticias.com.br\/se\/wp-content\/uploads\/2012\/04\/deda-300x199.jpg 300w, https:\/\/senoticias.com.br\/se\/wp-content\/uploads\/2012\/04\/deda-342x227.jpg 342w, https:\/\/senoticias.com.br\/se\/wp-content\/uploads\/2012\/04\/deda.jpeg 700w\" sizes=\"(max-width: 300px) 100vw, 300px\" \/><\/a>A proposta de financiamento para o programa de fortalecimento das redes de inclus\u00e3o social e de aten\u00e7\u00e3o \u00e0 sa\u00fade (Novo), apresentada por meio de carta-consulta pelo Governo do Estado, atrav\u00e9s da Secretaria de Planejamento (Seplag), foi recebida positivamente pelo Banco Interamericano de Desenvolvimento (BID).<\/p>\n<p style=\"text-align: justify;\">Elaborada pela Seplag, em conjunto com a Secretaria de Estado da Sa\u00fade (SES), Secretaria de Estado do Desenvolvimento Urbano (Sedurb) e com o apoio de uma especialista t\u00e9cnica do Bid, a proposta defendida no documento busca adquirir recursos em torno de US$ 85 milh\u00f5es (cerca de R$ 150 milh\u00f5es) que ser\u00e3o investidos na execu\u00e7\u00e3o do programa. A iniciativa tem como meta promover a consolida\u00e7\u00e3o da Reforma Sanit\u00e1ria e Gerencial do Sistema \u00danico de Sa\u00fade (SUS), um dos principais projetos do Governo de Sergipe para a \u00e1rea da Sa\u00fade, que visa a qualifica\u00e7\u00e3o das opera\u00e7\u00f5es de assist\u00eancia de modo sustent\u00e1vel para assegurar melhores condi\u00e7\u00f5es de sa\u00fade para a popula\u00e7\u00e3o sergipana, ao passo que objetiva viabilizar pol\u00edticas de inclus\u00e3o social no estado.<\/p>\n<p style=\"text-align: justify;\">A proposta, que esteve entre as pautas defendidas nas reuni\u00f5es do governador Marcelo D\u00e9da e seus assessores em <a href=\"%20%20%20http:\/\/www.agencia.se.gov.br\/noticias\/leitura\/materia:27954\/deda_agiliza_negociacoes_de_operacoes_de_credito_em_reuniao_com_o_presidente_do_bid.html\" target=\"_blank\"><span style=\"color: #0000ff;\"><strong>recente visita a Washington<\/strong><\/span><\/a>, articula-se, ainda, com o programa \u201cSergipe Mais Justo\u201d que representa um conjunto de estrat\u00e9gias para mapeamento de cidad\u00e3os sergipanos em situa\u00e7\u00e3o de extrema pobreza. Segundo a carta apresentada, o projeto de investimentos contribui para o desafio de implantar um programa de desenvolvimento social e econ\u00f4mico capaz de assegurar melhoria da qualidade de vida e prosperidade para o cidad\u00e3o sergipano.<\/p>\n<p>Para o secret\u00e1rio de Estado do Planejamento, Oliveira J\u00fanior, o conte\u00fado defendido pelo governo, por sua consist\u00eancia e prioridades, foi recebido positivamente nas apresenta\u00e7\u00f5es iniciais feitas aos representantes do Banco, o que garantir\u00e1, se aprovada a proposta, recursos para\u00a0 complementar os investimentos atuais do Estado, permitindo refor\u00e7ar a assist\u00eancia \u00e0 popula\u00e7\u00e3o mais carente.<\/p>\n<p><strong>Hospital do C\u00e2ncer<\/strong><\/p>\n<p style=\"text-align: justify;\">Dentre os quatros pilares nos quais se apoiam o projeto, ganham destaque o combate \u00e0s doen\u00e7as negligenciadas, como a esquistossomose e anemias cr\u00f4nicas provenientes de verminoses; e a estrutura\u00e7\u00e3o e expans\u00e3o da rede especializada, que possibilitar\u00e1 a aquisi\u00e7\u00e3o de equipamentos e implementa\u00e7\u00e3o de servi\u00e7os para o Hospital do C\u00e2ncer. Os demais itens referem-se ao fortalecimento institucional e a avalia\u00e7\u00e3o e administra\u00e7\u00e3o do programa.<\/p>\n<p style=\"text-align: justify;\">\u201cAtrav\u00e9s da parceria com o BID vai ser poss\u00edvel disponibilizar recursos para a compra de equipamentos do Hospital Oncol\u00f3gico de Sergipe (Hose), que ser\u00e1 um investimento na ordem de R$ 25 milh\u00f5es. Tamb\u00e9m estamos discutindo com o banco a disponibilidade de recursos para a constitui\u00e7\u00e3o de uma parceria p\u00fablico-privada voltada para o gerenciamento tanto do Hospital do C\u00e2ncer quanto para o Centro de Reabilita\u00e7\u00e3o de pessoas com defici\u00eancia\u201d, declarou o secret\u00e1rio de Estado da Sa\u00fade, Ant\u00f4nio Carlos Guimar\u00e3es.<\/p>\n<p style=\"text-align: justify;\">Em outubro do ano passado,<a href=\"%20%20http:\/\/www.agencia.se.gov.br\/noticias\/imprimir\/materia:25793\" target=\"_blank\"><span style=\"color: #0000ff;\"><strong> o governador Marcelo D\u00e9da obteve do ministro Alexandra Padilha, da Sa\u00fade, a garantia de libera\u00e7\u00e3o de recursos<\/strong><\/span><\/a> para a constru\u00e7\u00e3o do Hospital do C\u00e2ncer e do Centro de Reabilita\u00e7\u00e3o de Pessoas com Defici\u00eancia. Na audi\u00eancia, Padilha confirmou a libera\u00e7\u00e3o dos recursos de R$ 18,6 e R$ 14,6 milh\u00f5es, respectivamente, provenientes de emendas coletivas da bancada federal de Sergipe no Or\u00e7amento da Uni\u00e3o. Desde 2007, o governador Marcelo D\u00e9da <a href=\"%20%20http:\/\/www.agencia.se.gov.br\/noticias\/imprimir\/materia:25793\" target=\"_blank\"><span style=\"color: #0000ff;\"><strong>j\u00e1 listava para o Minist\u00e9rio da Sa\u00fade uma s\u00e9rie de investimentos<\/strong><\/span> <\/a>estrat\u00e9gicos que seriam desenvolvidos ao longo de sua administra\u00e7\u00e3o, dentre elas estavam programadas a constru\u00e7\u00e3o do Hospital do C\u00e2ncer.<\/p>\n<p style=\"text-align: justify;\">Em 15 de julho de 2010, o<a href=\"%20%20http:\/\/www.agencia.se.gov.br\/noticias\/leitura\/materia:25792\/deda_pede_a_temporao_aumento_dos_repasses_para_a_saude_em_sergipe.html\" target=\"_blank\"><span style=\"color: #0000ff;\"><strong> governador esteve reunido com o ent\u00e3o ministro da Sa\u00fade, Jos\u00e9 Gomes Tempor\u00e3o<\/strong><\/span><\/a>, solicitando o aumento do teto financeiro do estado para a \u00e1rea da Sa\u00fade. Ainda durante a audi\u00eancia, o governador inscreveu o projeto de constru\u00e7\u00e3o do Hospital do C\u00e2ncer de Sergipe no Fundo Nacional de Sa\u00fade.<\/p>\n<p style=\"text-align: justify;\"><span style=\"color: #808080;\"><strong>Secretaria de Estado da Comunica\u00e7\u00e3o Social<\/strong><\/span><\/p>\n","protected":false},"excerpt":{"rendered":"<p>A proposta de financiamento para o programa de fortalecimento das redes de inclus\u00e3o social e de aten\u00e7\u00e3o \u00e0 sa\u00fade (Novo), apresentada por meio de carta-consulta pelo Governo do Estado, atrav\u00e9s da Secretaria de Planejamento (Seplag), foi recebida positivamente pelo Banco Interamericano de Desenvolvimento (BID). Elaborada pela Seplag, em conjunto com a Secretaria de Estado da [&hellip;]<\/p>\n","protected":false},"author":3,"featured_media":30096,"comment_status":"closed","ping_status":"closed","sticky":false,"template":"","format":"standard","meta":{"footnotes":""},"categories":[6],"tags":[],"class_list":{"0":"post-30093","1":"post","2":"type-post","3":"status-publish","4":"format-standard","5":"has-post-thumbnail","7":"category-politica"},"_links":{"self":[{"href":"https:\/\/senoticias.com.br\/se\/wp-json\/wp\/v2\/posts\/30093"}],"collection":[{"href":"https:\/\/senoticias.com.br\/se\/wp-json\/wp\/v2\/posts"}],"about":[{"href":"https:\/\/senoticias.com.br\/se\/wp-json\/wp\/v2\/types\/post"}],"author":[{"embeddable":true,"href":"https:\/\/senoticias.com.br\/se\/wp-json\/wp\/v2\/users\/3"}],"replies":[{"embeddable":true,"href":"https:\/\/senoticias.com.br\/se\/wp-json\/wp\/v2\/comments?post=30093"}],"version-history":[{"count":0,"href":"https:\/\/senoticias.com.br\/se\/wp-json\/wp\/v2\/posts\/30093\/revisions"}],"wp:featuredmedia":[{"embeddable":true,"href":"https:\/\/senoticias.com.br\/se\/wp-json\/wp\/v2\/media\/30096"}],"wp:attachment":[{"href":"https:\/\/senoticias.com.br\/se\/wp-json\/wp\/v2\/media?parent=30093"}],"wp:term":[{"taxonomy":"category","embeddable":true,"href":"https:\/\/senoticias.com.br\/se\/wp-json\/wp\/v2\/categories?post=30093"},{"taxonomy":"post_tag","embeddable":true,"href":"https:\/\/senoticias.com.br\/se\/wp-json\/wp\/v2\/tags?post=30093"}],"curies":[{"name":"wp","href":"https:\/\/api.w.org\/{rel}","templated":true}]}}