{"id":30088,"date":"2012-04-17T15:49:02","date_gmt":"2012-04-17T18:49:02","guid":{"rendered":"http:\/\/senoticias.com.br\/se\/?p=30088"},"modified":"2012-04-17T15:49:23","modified_gmt":"2012-04-17T18:49:23","slug":"veiculo-roubado-e-recuperado-pela-prf-na-br-235-em-itabaianase","status":"publish","type":"post","link":"https:\/\/senoticias.com.br\/se\/veiculo-roubado-e-recuperado-pela-prf-na-br-235-em-itabaianase\/","title":{"rendered":"Ve\u00edculo roubado \u00e9 recuperado pela PRF na BR 235 em Itabaiana,SE"},"content":{"rendered":"<p>&nbsp;<\/p>\n<div id=\"attachment_30089\" style=\"width: 310px\" class=\"wp-caption alignleft\"><a href=\"http:\/\/senoticias.com.br\/se\/wp-content\/uploads\/2012\/04\/PRF-SE-recupera-ve%C3%ADculo-roubado-16abr12.jpg\"><img loading=\"lazy\" decoding=\"async\" aria-describedby=\"caption-attachment-30089\" class=\"size-medium wp-image-30089\" title=\"\" src=\"http:\/\/senoticias.com.br\/se\/wp-content\/uploads\/2012\/04\/PRF-SE-recupera-ve%C3%ADculo-roubado-16abr12-300x241.jpg\" alt=\"\" width=\"300\" height=\"241\" \/><\/a><p id=\"caption-attachment-30089\" class=\"wp-caption-text\">PRF SE recupera Hyundai, roubado com placas da Bahia. Ascom\/PRF<\/p><\/div>\n<p>&nbsp;<\/p>\n<p style=\"text-align: justify;\">Policiais Rodovi\u00e1rios Federais faziam o trabalho de fiscaliza\u00e7\u00e3o no in\u00edcio da tarde de ontem (16), no Km 50 da BR 235, em Itabaiana (SE), quando deram ordem de parada a um ve\u00edculo Hyundai, com placas da Bahia. Durante a abordagem, os agentes federais descobriram atrav\u00e9s de consulta ao banco de dados utilizado pela PRF que o ve\u00edculo era roubado. O condutor, de 38 anos, foi detido e encaminhado \u00e0 Delegacia de Pol\u00edcia Civil do munic\u00edpio.<\/p>\n<p><strong>Mais ocorr\u00eancias<\/strong><\/p>\n<p>A Pol\u00edcia Rodovi\u00e1ria Federal (PRF) atendeu a dois acidentes nas BRs de Sergipe. Cinco ve\u00edculos se envolveram nos acidentes, uma pessoa ficou ferida e n\u00e3o houve registro de mortes.<\/p>\n<p style=\"text-align: justify;\">Foram fiscalizados 244 ve\u00edculos dos quais dois foram retidos por irregularidades, duas CNHs foram apreendidas, um mandado de pris\u00e3o foi cumprido, um ve\u00edculo foi recuperado e quatro usu\u00e1rios das rodovias receberam aux\u00edlio das viaturas em ronda. Al\u00e9m disso, de um total de 85 multas de tr\u00e2nsito aplicadas, cinco foram por ultrapassagens indevidas.<\/p>\n<p style=\"text-align: justify;\">E na manh\u00e3 de hoje (17), manifestantes do MST bloquearam sete pontos nas rodovias federais de Sergipe. A manifesta\u00e7\u00e3o fez parte da Jornada Nacional de Luta pela Reforma Agr\u00e1ria em todo o pa\u00eds. Equipes da PRF estiveram em todos os pontos de manifesta\u00e7\u00e3o. Foram eles:<\/p>\n<p style=\"text-align: justify;\">Munic\u00edpio de Cristin\u00e1polis, na divisa com a Bahia \u2013 BR 101.<\/p>\n<p style=\"text-align: justify;\">Ponte da rodovi\u00e1ria de Est\u00e2ncia \u2013 BR 101<\/p>\n<p style=\"text-align: justify;\">Trevo de acesso ao munic\u00edpio de Capela \u2013 BR 101<\/p>\n<p style=\"text-align: justify;\">Em frente ao posto Carreiro, em Carira \u2013 BR 235<\/p>\n<p style=\"text-align: justify;\">Trevo de acesso ao munic\u00edpio de Muribeca \u2013 BR 101<\/p>\n<p style=\"text-align: justify;\">Trevo de acesso ao munic\u00edpio de Japaratuba \u2013 BR 101<\/p>\n<p style=\"text-align: justify;\">Ponte principal no munic\u00edpio de Itaporanga D\u2019Ajuda \u2013 BR 101<\/p>\n<p style=\"text-align: justify;\">A manifesta\u00e7\u00e3o teve a dura\u00e7\u00e3o de aproximadamente vinte e um minutos em mem\u00f3ria dos vinte e um Trabalhadores Rurais Sem Terra assassinados em Eldorado do Caraj\u00e1s (PA), em 1996.<\/p>\n<p style=\"text-align: justify;\">O bloqueio acabou h\u00e1 poucos instantes e a rodovia est\u00e1 liberada em todos os sete pontos bloqueados. O tr\u00e2nsito ainda \u00e9 lento e exige aten\u00e7\u00e3o redobrada.<\/p>\n<p style=\"text-align: justify;\"><strong>N\u00facleo de Comunica\u00e7\u00e3o Social &#8211; 20\u00b0 Sup. Pol\u00edcia Rodovi\u00e1ria Federal \u2013 SE<\/strong><\/p>\n","protected":false},"excerpt":{"rendered":"<p>&nbsp; &nbsp; Policiais Rodovi\u00e1rios Federais faziam o trabalho de fiscaliza\u00e7\u00e3o no in\u00edcio da tarde de ontem (16), no Km 50 da BR 235, em Itabaiana (SE), quando deram ordem de parada a um ve\u00edculo Hyundai, com placas da Bahia. Durante a abordagem, os agentes federais descobriram atrav\u00e9s de consulta ao banco de dados utilizado pela [&hellip;]<\/p>\n","protected":false},"author":3,"featured_media":30089,"comment_status":"closed","ping_status":"closed","sticky":false,"template":"","format":"standard","meta":{"footnotes":""},"categories":[7],"tags":[],"class_list":{"0":"post-30088","1":"post","2":"type-post","3":"status-publish","4":"format-standard","5":"has-post-thumbnail","7":"category-policia"},"_links":{"self":[{"href":"https:\/\/senoticias.com.br\/se\/wp-json\/wp\/v2\/posts\/30088"}],"collection":[{"href":"https:\/\/senoticias.com.br\/se\/wp-json\/wp\/v2\/posts"}],"about":[{"href":"https:\/\/senoticias.com.br\/se\/wp-json\/wp\/v2\/types\/post"}],"author":[{"embeddable":true,"href":"https:\/\/senoticias.com.br\/se\/wp-json\/wp\/v2\/users\/3"}],"replies":[{"embeddable":true,"href":"https:\/\/senoticias.com.br\/se\/wp-json\/wp\/v2\/comments?post=30088"}],"version-history":[{"count":0,"href":"https:\/\/senoticias.com.br\/se\/wp-json\/wp\/v2\/posts\/30088\/revisions"}],"wp:featuredmedia":[{"embeddable":true,"href":"https:\/\/senoticias.com.br\/se\/wp-json\/wp\/v2\/media\/30089"}],"wp:attachment":[{"href":"https:\/\/senoticias.com.br\/se\/wp-json\/wp\/v2\/media?parent=30088"}],"wp:term":[{"taxonomy":"category","embeddable":true,"href":"https:\/\/senoticias.com.br\/se\/wp-json\/wp\/v2\/categories?post=30088"},{"taxonomy":"post_tag","embeddable":true,"href":"https:\/\/senoticias.com.br\/se\/wp-json\/wp\/v2\/tags?post=30088"}],"curies":[{"name":"wp","href":"https:\/\/api.w.org\/{rel}","templated":true}]}}