{"id":30076,"date":"2012-04-17T13:08:11","date_gmt":"2012-04-17T16:08:11","guid":{"rendered":"http:\/\/senoticias.com.br\/se\/?p=30076"},"modified":"2012-04-17T15:50:53","modified_gmt":"2012-04-17T18:50:53","slug":"ex-presidiario-e-detido-apos-tentar-estuprar-a-propria-mae","status":"publish","type":"post","link":"https:\/\/senoticias.com.br\/se\/ex-presidiario-e-detido-apos-tentar-estuprar-a-propria-mae\/","title":{"rendered":"Ex-presidi\u00e1rio \u00e9 detido ap\u00f3s tentar estuprar a pr\u00f3pria m\u00e3e"},"content":{"rendered":"<p>&nbsp;<\/p>\n<div id=\"attachment_30077\" style=\"width: 230px\" class=\"wp-caption alignright\"><a href=\"http:\/\/senoticias.com.br\/se\/wp-content\/uploads\/2012\/04\/images-stories-NOVAS_FOTOS_NOTICIAS-Abril-17-editada_123-220x293.jpg\"><img loading=\"lazy\" decoding=\"async\" aria-describedby=\"caption-attachment-30077\" class=\"size-full wp-image-30077\" title=\"images-stories-NOVAS_FOTOS_NOTICIAS-Abril-17-editada_123-220x293\" src=\"http:\/\/senoticias.com.br\/se\/wp-content\/uploads\/2012\/04\/images-stories-NOVAS_FOTOS_NOTICIAS-Abril-17-editada_123-220x293.jpg\" alt=\"\" width=\"220\" height=\"293\" \/><\/a><p id=\"caption-attachment-30077\" class=\"wp-caption-text\">Jos\u00e9 Wellinton de Jesus Santos, 28 anos. Foto: Pol\u00edcia Civil\/SE<\/p><\/div>\n<p style=\"text-align: justify;\">Policiais civis e militares da cidade de Tomar do Geru prenderam, em flagrante, na tarde desta segunda-feira, 16, Jos\u00e9 Wellinton de Jesus Santos, 28 anos, acusado de tentar estuprar a pr\u00f3pria m\u00e3e.<\/p>\n<p style=\"text-align: justify;\">Segundo a pol\u00edcia, Jos\u00e9 tem uma extensa ficha criminal e ganhou a liberdade do sistema prisional no m\u00eas de mar\u00e7o deste ano. &#8220;Ele estava morando em Aracaju com o pai e pediu para conhecer a m\u00e3e. Ele estava hospedado na casa da m\u00e3e em Tomar do Geru. No \u00faltimo s\u00e1bado, armado com um fac\u00e3o, expulsou o atula companheiro da m\u00e3e e tentou estupr\u00e1-la&#8221;, destacou o delegado Francisco Gerl\u00e2ndio.<\/p>\n<p style=\"text-align: justify;\">Segundo a v\u00edtima, o Jos\u00e9 n\u00e3o conseguiu consumar o estupro por que ela lutou muito. Assim que teve oportunidade a v\u00edtima fugiu de casa e procurou a ajuda policial. Os policiais de imediato foram at\u00e9 o local e l\u00e1 prenderam o ex-presidi\u00e1rio. Ele foi indiciado pelo crime de estupro tentado. &#8220;N\u00e3o descartamos a possibilidade da v\u00edtma ter sido estuprada e est\u00e1 constrangida de iformar. Ela passar\u00e1 por exame de estupro no IML&#8221;, finalizou o delegado.<\/p>\n<p style=\"text-align: justify;\">SSP\/SE<\/p>\n","protected":false},"excerpt":{"rendered":"<p>&nbsp; Policiais civis e militares da cidade de Tomar do Geru prenderam, em flagrante, na tarde desta segunda-feira, 16, Jos\u00e9 Wellinton de Jesus Santos, 28 anos, acusado de tentar estuprar a pr\u00f3pria m\u00e3e. Segundo a pol\u00edcia, Jos\u00e9 tem uma extensa ficha criminal e ganhou a liberdade do sistema prisional no m\u00eas de mar\u00e7o deste ano. [&hellip;]<\/p>\n","protected":false},"author":3,"featured_media":30077,"comment_status":"closed","ping_status":"closed","sticky":false,"template":"","format":"standard","meta":{"footnotes":""},"categories":[15,7],"tags":[],"class_list":{"0":"post-30076","1":"post","2":"type-post","3":"status-publish","4":"format-standard","5":"has-post-thumbnail","7":"category-destaques","8":"category-policia"},"_links":{"self":[{"href":"https:\/\/senoticias.com.br\/se\/wp-json\/wp\/v2\/posts\/30076"}],"collection":[{"href":"https:\/\/senoticias.com.br\/se\/wp-json\/wp\/v2\/posts"}],"about":[{"href":"https:\/\/senoticias.com.br\/se\/wp-json\/wp\/v2\/types\/post"}],"author":[{"embeddable":true,"href":"https:\/\/senoticias.com.br\/se\/wp-json\/wp\/v2\/users\/3"}],"replies":[{"embeddable":true,"href":"https:\/\/senoticias.com.br\/se\/wp-json\/wp\/v2\/comments?post=30076"}],"version-history":[{"count":0,"href":"https:\/\/senoticias.com.br\/se\/wp-json\/wp\/v2\/posts\/30076\/revisions"}],"wp:featuredmedia":[{"embeddable":true,"href":"https:\/\/senoticias.com.br\/se\/wp-json\/wp\/v2\/media\/30077"}],"wp:attachment":[{"href":"https:\/\/senoticias.com.br\/se\/wp-json\/wp\/v2\/media?parent=30076"}],"wp:term":[{"taxonomy":"category","embeddable":true,"href":"https:\/\/senoticias.com.br\/se\/wp-json\/wp\/v2\/categories?post=30076"},{"taxonomy":"post_tag","embeddable":true,"href":"https:\/\/senoticias.com.br\/se\/wp-json\/wp\/v2\/tags?post=30076"}],"curies":[{"name":"wp","href":"https:\/\/api.w.org\/{rel}","templated":true}]}}