{"id":30075,"date":"2012-04-17T14:11:48","date_gmt":"2012-04-17T17:11:48","guid":{"rendered":"http:\/\/senoticias.com.br\/se\/?p=30075"},"modified":"2012-04-17T14:12:08","modified_gmt":"2012-04-17T17:12:08","slug":"morre-o-historiador-luiz-antonio-barreto","status":"publish","type":"post","link":"https:\/\/senoticias.com.br\/se\/morre-o-historiador-luiz-antonio-barreto\/","title":{"rendered":"Morre o historiador Luiz Ant\u00f4nio Barreto"},"content":{"rendered":"&#8221;]<a href=\"http:\/\/senoticias.com.br\/se\/wp-content\/uploads\/2012\/04\/palesra-luis-antonio-barreto-foto-maria-odilia-080909-03.jpg\"><img loading=\"lazy\" decoding=\"async\" class=\"size-medium wp-image-30085\" title=\"\" src=\"http:\/\/senoticias.com.br\/se\/wp-content\/uploads\/2012\/04\/palesra-luis-antonio-barreto-foto-maria-odilia-080909-03-300x199.jpg\" alt=\"\" width=\"300\" height=\"199\" srcset=\"https:\/\/senoticias.com.br\/se\/wp-content\/uploads\/2012\/04\/palesra-luis-antonio-barreto-foto-maria-odilia-080909-03-300x199.jpg 300w, https:\/\/senoticias.com.br\/se\/wp-content\/uploads\/2012\/04\/palesra-luis-antonio-barreto-foto-maria-odilia-080909-03-342x227.jpg 342w, https:\/\/senoticias.com.br\/se\/wp-content\/uploads\/2012\/04\/palesra-luis-antonio-barreto-foto-maria-odilia-080909-03.jpg 600w\" sizes=\"(max-width: 300px) 100vw, 300px\" \/><\/a>\n<p style=\"text-align: justify;\">Morreu na manh\u00e3 desta ter\u00e7a-feira (17) em um hospital particular de Aracaju o historiador Luiz Ant\u00f4nio Barreto que estava internado na UTI em estado grave. Ele foi para o hospital na primeira quarta-feira (04) do m\u00eas de abril com infec\u00e7\u00e3o renal.<\/p>\n<p style=\"text-align: justify;\">Enquanto esteve internado na Unidade de Terapia Intensiva o historiador sofreu uma parada card\u00edaca. Permaneceu sedado durante este per\u00edodo, e o estado de sa\u00fade era considerado est\u00e1vel.<\/p>\n<p style=\"text-align: justify;\">Luiz Ant\u00f4nio Barreto era jornalista, historiador e diretor do Instituto Tobias Barreto e ex-secret\u00e1rio de Estado da Cultura. Nasceu em Lagarto no ano de 1944, mas morou pouco tempo na terra natal. A fam\u00edlia do historiador foi v\u00edtima de persegui\u00e7\u00e3o pol\u00edtica, obrigando-o a percorrer um consider\u00e1vel itiner\u00e1rio de cidades sergipanas, incluindo algumas da Bahia. Com passagem pelo Rio de Janeiro, onde conviveu com o velho e fiel amigo Abelardo Romero Dantas, com quem dividiu t\u00e1xis e saudades do Lagarto, procurou ser ecl\u00e9tico em sua forma\u00e7\u00e3o, estudando Direito, M\u00fasica e Literatura. Ex-aluno do Pio D\u00e9cimo e do Tobias Barreto, firmou-se na cidade de Aracaju, onde construiu um nome e uma carreira invej\u00e1vel, o que lhe permitiu ocupar cargos e fun\u00e7\u00f5es de alta responsabilidade e notoriedade, tais como: Diretor da Galeria \u00c1lvaro Santos, Secret\u00e1rio de Educa\u00e7\u00e3o e de Cultura de Aracaju e de Sergipe, Assessor do Instituto Nacional do Livro (INL), Superintendente e Diretor do Instituto de Documenta\u00e7\u00e3o Joaquim Nabuco, Diretor da Funda\u00e7\u00e3o Augusto Franco e Diretor do instituto de Filosofia Luso-Brasileira (Portugal).<\/p>\n<p style=\"text-align: justify;\">Membro da Academia Sergipana de Letras, do Instituto Hist\u00f3rico e Geogr\u00e1fico de Sergipe (desde 1972) e do Conselho Estadual de Cultura, \u00e9 autor de diversos livros e centenas de artigos. Luiz Ant\u00f4nio Barreto tornou-se, nos \u00faltimos anos, um especialista em biografias, o que lhe rendeu a escrita do livro Personalidades Sergipanas em 2007. Trata-se de uma seleta de textos sobre figuras que marcaram a Hist\u00f3ria de Sergipe, em seus mais variados aspectos.<\/p>\n<p style=\"text-align: justify;\">O carpo do historiador ser\u00e1 velado na Academia Sergipana de Letras e ser\u00e1 sepultado \u00e0s 16h30 no cemit\u00e9rio Santa Isabel.<\/p>\n<p style=\"text-align: justify;\"><span style=\"color: #808080;\"><strong>Do Portal Atalaia.<\/strong><\/span><\/p>\n","protected":false},"excerpt":{"rendered":"<p>Morreu na manh\u00e3 desta ter\u00e7a-feira (17) em um hospital particular de Aracaju o historiador Luiz Ant\u00f4nio Barreto que estava internado na UTI em estado grave. Ele foi para o hospital na primeira quarta-feira (04) do m\u00eas de abril com infec\u00e7\u00e3o renal. Enquanto esteve internado na Unidade de Terapia Intensiva o historiador sofreu uma parada card\u00edaca. [&hellip;]<\/p>\n","protected":false},"author":2,"featured_media":30085,"comment_status":"closed","ping_status":"closed","sticky":false,"template":"","format":"standard","meta":{"footnotes":""},"categories":[38],"tags":[],"class_list":{"0":"post-30075","1":"post","2":"type-post","3":"status-publish","4":"format-standard","5":"has-post-thumbnail","7":"category-municipios"},"_links":{"self":[{"href":"https:\/\/senoticias.com.br\/se\/wp-json\/wp\/v2\/posts\/30075"}],"collection":[{"href":"https:\/\/senoticias.com.br\/se\/wp-json\/wp\/v2\/posts"}],"about":[{"href":"https:\/\/senoticias.com.br\/se\/wp-json\/wp\/v2\/types\/post"}],"author":[{"embeddable":true,"href":"https:\/\/senoticias.com.br\/se\/wp-json\/wp\/v2\/users\/2"}],"replies":[{"embeddable":true,"href":"https:\/\/senoticias.com.br\/se\/wp-json\/wp\/v2\/comments?post=30075"}],"version-history":[{"count":0,"href":"https:\/\/senoticias.com.br\/se\/wp-json\/wp\/v2\/posts\/30075\/revisions"}],"wp:featuredmedia":[{"embeddable":true,"href":"https:\/\/senoticias.com.br\/se\/wp-json\/wp\/v2\/media\/30085"}],"wp:attachment":[{"href":"https:\/\/senoticias.com.br\/se\/wp-json\/wp\/v2\/media?parent=30075"}],"wp:term":[{"taxonomy":"category","embeddable":true,"href":"https:\/\/senoticias.com.br\/se\/wp-json\/wp\/v2\/categories?post=30075"},{"taxonomy":"post_tag","embeddable":true,"href":"https:\/\/senoticias.com.br\/se\/wp-json\/wp\/v2\/tags?post=30075"}],"curies":[{"name":"wp","href":"https:\/\/api.w.org\/{rel}","templated":true}]}}