{"id":30070,"date":"2012-04-17T12:29:04","date_gmt":"2012-04-17T15:29:04","guid":{"rendered":"http:\/\/senoticias.com.br\/se\/?p=30070"},"modified":"2013-05-18T13:02:34","modified_gmt":"2013-05-18T16:02:34","slug":"mpfse-processa-prefeitos-de-sao-cristovao-maruim-e-capela","status":"publish","type":"post","link":"https:\/\/senoticias.com.br\/se\/mpfse-processa-prefeitos-de-sao-cristovao-maruim-e-capela\/","title":{"rendered":"MPF\/SE processa prefeitos de S\u00e3o Crist\u00f3v\u00e3o, Maruim e Capela"},"content":{"rendered":"<div id=\"attachment_27181\" style=\"width: 225px\" class=\"wp-caption alignright\"><a href=\"http:\/\/senoticias.com.br\/se\/wp-content\/uploads\/2012\/03\/MPF-SE.jpg\"><img loading=\"lazy\" decoding=\"async\" aria-describedby=\"caption-attachment-27181\" class=\"size-full wp-image-27181\" title=\"MPF-SE\" src=\"http:\/\/senoticias.com.br\/se\/wp-content\/uploads\/2012\/03\/MPF-SE.jpg\" alt=\"\" width=\"215\" height=\"234\" \/><\/a><p id=\"caption-attachment-27181\" class=\"wp-caption-text\">MPF\/SE processa tr\u00eas prefeitos por n\u00e3o pagamento de precat\u00f3rios. (Reprodu\u00e7\u00e3o)<\/p><\/div>\n<p style=\"text-align: justify;\">O Minist\u00e9rio P\u00fablico Federal moveu tr\u00eas a\u00e7\u00f5es de improbidade administrativa contra prefeitos sergipanos por n\u00e3o efetuarem pagamentos de precat\u00f3rios. Est\u00e3o sendo processados Manuel Messias Sukita Santos, prefeito de Capela; Gilberto Maynart de Oliveira, de Maruim; e, <strong>Alexsander Oliveira de Andrade, de S\u00e3o Crist\u00f3v\u00e3o.<\/strong><\/p>\n<p style=\"text-align: justify;\">A prefeitura de Capela deixou de pagar precat\u00f3rios ao INSS, a de Maruim deixou de pagar \u00e0 Uni\u00e3o e a de <strong>S\u00e3o Crist\u00f3v\u00e3o, ao INSS, Uni\u00e3o e Incra<\/strong>. No processo, a procuradora da Rep\u00fablica Eunice Dantas Carvalho explica que tanto a Procuradoria Regional da Rep\u00fablica da 5\u00aa Regi\u00e3o (em Recife) e a Procuradoria da Rep\u00fablica em Sergipe enviaram diversos of\u00edcios aos tr\u00eas prefeitos requerendo informa\u00e7\u00f5es sobre a quita\u00e7\u00e3o do d\u00e9bito.<\/p>\n<p style=\"text-align: justify;\">O prefeito de Capela, Manuel Sukita Santos, chegou a responder a um dos of\u00edcios do MPF em Sergipe afirmando que n\u00e3o poderia realizar o pagamento imediatamente, por conta de outros compromissos financeiros assumidos pelo munic\u00edpio. O MPF aguardou, ent\u00e3o, que as d\u00edvidas fossem quitadas ou, ao menos, parceladas. Entretanto, a prefeitura n\u00e3o enviou qualquer documento ao MPF que comprovasse o pagamento.<\/p>\n<p style=\"text-align: justify;\">A prefeitura de Maruim tamb\u00e9m respondeu a um dos of\u00edcios afirmando que incluiria o pagamento dos precat\u00f3rios devidos no or\u00e7amento do ano seguinte. Ao se constatar que a promessa n\u00e3o foi cumprida, a prefeitura afirmou que faria o parcelamento da d\u00edvida. Por\u00e9m, tamb\u00e9m n\u00e3o enviou ao MPF comprova\u00e7\u00e3o de tal parcelamento. J\u00e1 a prefeitura <strong>de S\u00e3o Crist\u00f3v\u00e3o, n\u00e3o respondeu a nenhum dos of\u00edcios enviados pelo MPF.<\/strong><\/p>\n<p style=\"text-align: justify;\">Caso sejam condenados, os prefeitos podem perder os cargos, ter os direitos pol\u00edticos suspensos por at\u00e9 cinco anos, pagar multa civil de at\u00e9 cem vezes o valor de sua atual remunera\u00e7\u00e3o e ficar proibidos de contratar com o Poder P\u00fablico por at\u00e9 tr\u00eas anos.<\/p>\n<p style=\"text-align: justify;\"><span style=\"color: #808080;\"><strong>Assessoria de Comunica\u00e7\u00e3o &#8211; Minist\u00e9rio P\u00fablico Federal em Sergipe<\/strong><\/span><\/p>\n","protected":false},"excerpt":{"rendered":"<p>O Minist\u00e9rio P\u00fablico Federal moveu tr\u00eas a\u00e7\u00f5es de improbidade administrativa contra prefeitos sergipanos por n\u00e3o efetuarem pagamentos de precat\u00f3rios. Est\u00e3o sendo processados Manuel Messias Sukita Santos, prefeito de Capela; Gilberto Maynart de Oliveira, de Maruim; e, Alexsander Oliveira de Andrade, de S\u00e3o Crist\u00f3v\u00e3o. A prefeitura de Capela deixou de pagar precat\u00f3rios ao INSS, a de [&hellip;]<\/p>\n","protected":false},"author":3,"featured_media":27181,"comment_status":"closed","ping_status":"closed","sticky":false,"template":"","format":"standard","meta":{"footnotes":""},"categories":[38,3],"tags":[],"class_list":{"0":"post-30070","1":"post","2":"type-post","3":"status-publish","4":"format-standard","5":"has-post-thumbnail","7":"category-municipios","8":"category-saocristovao"},"_links":{"self":[{"href":"https:\/\/senoticias.com.br\/se\/wp-json\/wp\/v2\/posts\/30070"}],"collection":[{"href":"https:\/\/senoticias.com.br\/se\/wp-json\/wp\/v2\/posts"}],"about":[{"href":"https:\/\/senoticias.com.br\/se\/wp-json\/wp\/v2\/types\/post"}],"author":[{"embeddable":true,"href":"https:\/\/senoticias.com.br\/se\/wp-json\/wp\/v2\/users\/3"}],"replies":[{"embeddable":true,"href":"https:\/\/senoticias.com.br\/se\/wp-json\/wp\/v2\/comments?post=30070"}],"version-history":[{"count":0,"href":"https:\/\/senoticias.com.br\/se\/wp-json\/wp\/v2\/posts\/30070\/revisions"}],"wp:featuredmedia":[{"embeddable":true,"href":"https:\/\/senoticias.com.br\/se\/wp-json\/wp\/v2\/media\/27181"}],"wp:attachment":[{"href":"https:\/\/senoticias.com.br\/se\/wp-json\/wp\/v2\/media?parent=30070"}],"wp:term":[{"taxonomy":"category","embeddable":true,"href":"https:\/\/senoticias.com.br\/se\/wp-json\/wp\/v2\/categories?post=30070"},{"taxonomy":"post_tag","embeddable":true,"href":"https:\/\/senoticias.com.br\/se\/wp-json\/wp\/v2\/tags?post=30070"}],"curies":[{"name":"wp","href":"https:\/\/api.w.org\/{rel}","templated":true}]}}