{"id":30060,"date":"2012-04-17T12:14:03","date_gmt":"2012-04-17T15:14:03","guid":{"rendered":"http:\/\/senoticias.com.br\/se\/?p=30060"},"modified":"2012-04-18T14:07:46","modified_gmt":"2012-04-18T17:07:46","slug":"policia-apreende-drogas-armas-de-fogo-e-efetuam-prisoes-em-sao-cristovao","status":"publish","type":"post","link":"https:\/\/senoticias.com.br\/se\/policia-apreende-drogas-armas-de-fogo-e-efetuam-prisoes-em-sao-cristovao\/","title":{"rendered":"Policia apreende drogas, armas de fogo e efetuam pris\u00f5es em S\u00e3o Crist\u00f3v\u00e3o"},"content":{"rendered":"<div id=\"attachment_30062\" style=\"width: 310px\" class=\"wp-caption alignright\"><a href=\"http:\/\/senoticias.com.br\/se\/wp-content\/uploads\/2012\/04\/editada_11.jpg\"><img loading=\"lazy\" decoding=\"async\" aria-describedby=\"caption-attachment-30062\" class=\"size-medium wp-image-30062\" title=\"editada_1\" src=\"http:\/\/senoticias.com.br\/se\/wp-content\/uploads\/2012\/04\/editada_11-300x225.jpg\" alt=\"\" width=\"300\" height=\"225\" srcset=\"https:\/\/senoticias.com.br\/se\/wp-content\/uploads\/2012\/04\/editada_11-300x225.jpg 300w, https:\/\/senoticias.com.br\/se\/wp-content\/uploads\/2012\/04\/editada_11-342x256.jpg 342w, https:\/\/senoticias.com.br\/se\/wp-content\/uploads\/2012\/04\/editada_11-60x45.jpg 60w, https:\/\/senoticias.com.br\/se\/wp-content\/uploads\/2012\/04\/editada_11-150x113.jpg 150w, https:\/\/senoticias.com.br\/se\/wp-content\/uploads\/2012\/04\/editada_11-269x201.jpg 269w, https:\/\/senoticias.com.br\/se\/wp-content\/uploads\/2012\/04\/editada_11.jpg 700w\" sizes=\"(max-width: 300px) 100vw, 300px\" \/><\/a><p id=\"caption-attachment-30062\" class=\"wp-caption-text\">&quot;Os policiais resolveram fazer uma abordagem e no interior do carro encontraram maconha, coca\u00edna e quatro armas de fogo, sendo dois rev\u00f3lveres calibre 38, um calibre 32 e uma pistola de ar comprimido&quot;, explicou Tiago.(Reprodu\u00e7\u00e3o SSP\/SE)<\/p><\/div>\n<p style=\"text-align: justify;\">Policiais civis da Divis\u00e3o Especializada em Roubos e Furtos de Ve\u00edculos (DERFV), sob a coordena\u00e7\u00e3o do delegado Tiago Leandro, efetuaram a pris\u00e3o de Jamisson Silva Marques, 21 anos, e do m\u00fasico Clemisson Jos\u00e9 Almeida, 39 anos. Os dois foram flagrados, juntamente com quatro menores, sendo dois de 14 e os demais de 17 anos, com armas de fogo e drogas.<\/p>\n<p>De acordo com Leandro, os agentes estavam investigando no final da tarde desta segunda-feira, 16, uma den\u00fancia da presen\u00e7a de um carro abandonado no bairro Quilombo, em S\u00e3o Crist\u00f3v\u00e3o, quando na oportunidade a dupla e os menores transitavam a bordo de um ve\u00edculo Ford Fiesta, cor preta, de forma suspeita.<\/p>\n<p>&#8220;Os policiais resolveram fazer uma abordagem e no interior do carro encontraram maconha, coca\u00edna e quatro armas de fogo, sendo dois rev\u00f3lveres calibre 38, um calibre 32 e uma pistola de ar comprimido&#8221;, explicou Tiago.<\/p>\n<p style=\"text-align: justify;\">Ap\u00f3s ouvir todos envolvidos foi levantada a informa\u00e7\u00e3o de que eles planejavam executar quatro pessoas por conta de rixa envolvendo torcidas organizadas. &#8220;As armas encontradas pertenciam aos menores, que na companhia dos adultos, iam realizar quatro homic\u00eddios por conta de rixa envolvendo torcidas organizadas&#8221;, explicou o delegado.<\/p>\n<p style=\"text-align: justify;\">A pol\u00edcia levantou, tamb\u00e9m, a informa\u00e7\u00e3o de que o bando cometeu um roubo a uma lanchonete localizada no bairro Am\u00e9rica, em Aracaju. O assalto aconteceu h\u00e1 quinze dias. Na oportunidade foi subtra\u00eddo cerca de R$ 100,00. Al\u00e9m das armas e das drogas, foram encontrados com os criminosos rel\u00f3gios, oito aparelhos celulares, ferramentas, al\u00e9m de um capuz.<\/p>\n<p style=\"text-align: justify;\">Os dois adultos v\u00e3o responder pelos crimes de forma\u00e7\u00e3o de quadrilha armada, tr\u00e1fico de drogas e corrup\u00e7\u00e3o de menores. Com rela\u00e7\u00e3o aos menores foram instaurados atos infracionais relativos aos crimes de porte ilegal de arma de fogo, tr\u00e1fico de drogas e roubo. &#8220;As investiga\u00e7\u00f5es continuam na tentativa de se descobrir outros crimes relacionados ao grupo&#8221;, finalizou Tiago Leandro.<\/p>\n<p style=\"text-align: justify;\">Fonte: SSP\/SE<\/p>\n","protected":false},"excerpt":{"rendered":"<p>Policiais civis da Divis\u00e3o Especializada em Roubos e Furtos de Ve\u00edculos (DERFV), sob a coordena\u00e7\u00e3o do delegado Tiago Leandro, efetuaram a pris\u00e3o de Jamisson Silva Marques, 21 anos, e do m\u00fasico Clemisson Jos\u00e9 Almeida, 39 anos. Os dois foram flagrados, juntamente com quatro menores, sendo dois de 14 e os demais de 17 anos, com [&hellip;]<\/p>\n","protected":false},"author":3,"featured_media":30062,"comment_status":"closed","ping_status":"closed","sticky":false,"template":"","format":"standard","meta":{"footnotes":""},"categories":[7],"tags":[],"class_list":{"0":"post-30060","1":"post","2":"type-post","3":"status-publish","4":"format-standard","5":"has-post-thumbnail","7":"category-policia"},"_links":{"self":[{"href":"https:\/\/senoticias.com.br\/se\/wp-json\/wp\/v2\/posts\/30060"}],"collection":[{"href":"https:\/\/senoticias.com.br\/se\/wp-json\/wp\/v2\/posts"}],"about":[{"href":"https:\/\/senoticias.com.br\/se\/wp-json\/wp\/v2\/types\/post"}],"author":[{"embeddable":true,"href":"https:\/\/senoticias.com.br\/se\/wp-json\/wp\/v2\/users\/3"}],"replies":[{"embeddable":true,"href":"https:\/\/senoticias.com.br\/se\/wp-json\/wp\/v2\/comments?post=30060"}],"version-history":[{"count":0,"href":"https:\/\/senoticias.com.br\/se\/wp-json\/wp\/v2\/posts\/30060\/revisions"}],"wp:featuredmedia":[{"embeddable":true,"href":"https:\/\/senoticias.com.br\/se\/wp-json\/wp\/v2\/media\/30062"}],"wp:attachment":[{"href":"https:\/\/senoticias.com.br\/se\/wp-json\/wp\/v2\/media?parent=30060"}],"wp:term":[{"taxonomy":"category","embeddable":true,"href":"https:\/\/senoticias.com.br\/se\/wp-json\/wp\/v2\/categories?post=30060"},{"taxonomy":"post_tag","embeddable":true,"href":"https:\/\/senoticias.com.br\/se\/wp-json\/wp\/v2\/tags?post=30060"}],"curies":[{"name":"wp","href":"https:\/\/api.w.org\/{rel}","templated":true}]}}