{"id":29710,"date":"2012-04-12T20:38:40","date_gmt":"2012-04-12T23:38:40","guid":{"rendered":"http:\/\/senoticias.com.br\/se\/?p=29710"},"modified":"2012-04-12T20:38:55","modified_gmt":"2012-04-12T23:38:55","slug":"somese-apoia-projeto-de-regulamentacao-de-ciclomotores","status":"publish","type":"post","link":"https:\/\/senoticias.com.br\/se\/somese-apoia-projeto-de-regulamentacao-de-ciclomotores\/","title":{"rendered":"Somese apoia projeto de regulamenta\u00e7\u00e3o de ciclomotores"},"content":{"rendered":"<div id=\"attachment_29711\" style=\"width: 310px\" class=\"wp-caption alignleft\"><a href=\"http:\/\/senoticias.com.br\/se\/wp-content\/uploads\/2012\/04\/foto1.jpg\"><img loading=\"lazy\" decoding=\"async\" aria-describedby=\"caption-attachment-29711\" class=\"size-medium wp-image-29711\" title=\"foto\" src=\"http:\/\/senoticias.com.br\/se\/wp-content\/uploads\/2012\/04\/foto1-300x200.jpg\" alt=\"\" width=\"300\" height=\"200\" srcset=\"https:\/\/senoticias.com.br\/se\/wp-content\/uploads\/2012\/04\/foto1-300x200.jpg 300w, https:\/\/senoticias.com.br\/se\/wp-content\/uploads\/2012\/04\/foto1-342x228.jpg 342w, https:\/\/senoticias.com.br\/se\/wp-content\/uploads\/2012\/04\/foto1.jpg 720w\" sizes=\"(max-width: 300px) 100vw, 300px\" \/><\/a><p id=\"caption-attachment-29711\" class=\"wp-caption-text\">Somese apoia projeto de regulamenta\u00e7\u00e3o de ciclomotores.(Foto: Ascom)<\/p><\/div>\n<p style=\"text-align: justify;\">A Sociedade M\u00e9dica de Sergipe (Somese), em parceria com a Associa\u00e7\u00e3o M\u00e9dica Brasileira, Associa\u00e7\u00e3o Brasileira de Medicina de Tr\u00e1fego e a Academia Sergipana de Medicina apresentaram nesta quinta-feira, 12, uma nota de apoio ao projeto de lei do vereador Danilo Segundo (PSB), que trata do registro e licenciamento de ciclomotores em Aracaju.<\/p>\n<p style=\"text-align: justify;\">O documento foi entregue ao parlamentar durante o tradicional almo\u00e7o que a Somese oferece aos m\u00e9dicos, nesta quinta-feira. \u201cTodos sabemos que os acidentes de tr\u00e2nsito s\u00e3o considerados uma epidemia mundial, mas suas causas devem ser combatidas no n\u00edvel local, partilhando responsabilidades com todos os segmentos da sociedade e com os indiv\u00edduos. A lei que regulamenta a utiliza\u00e7\u00e3o de ciclomotores faz parte do C\u00f3digo de Tr\u00e2nsito Brasileiro desde 1998, mas n\u00e3o vem sendo cumprida em fun\u00e7\u00e3o da inexist\u00eancia de uma regulamenta\u00e7\u00e3o municipal espec\u00edfica\u201d, informa a nota.<\/p>\n<p style=\"text-align: justify;\">Por causa disso, alertam as sociedades m\u00e9dicas, \u201cvem se observando um crescente e alarmante \u00edndice de acidentes com pessoas, na maioria jovens, sendo mutilados e mortos, pela inobserv\u00e2ncia de normas de prote\u00e7\u00e3o, habilita\u00e7\u00e3o e treinamento\u201d. Para as associa\u00e7\u00f5es, \u201co licenciamento desses ciclomotores representa um importante mecanismo de defesa do condutor, objetivando reduzir o n\u00famero de acidentes e v\u00edtimas fatais gerados pelo uso inadequado e inseguro desses equipamentos de mobilidade\u201d.<\/p>\n<p style=\"text-align: justify;\">O vereador agradeceu o apoio das sociedades m\u00e9dicas e afirmou que a aus\u00eancia de uma lei que regulamente os ciclomotores tem atingido uma parcela significativa da sociedade, sendo hoje um problema de sa\u00fade p\u00fablica. \u201cAs urg\u00eancias e emerg\u00eancias dos hospitais do Estado est\u00e3o cheias de pessoas mutiladas em acidentes com ciclomotores. Os m\u00e9dicos, mais do que qualquer outro profissional, conhecem bem essa situa\u00e7\u00e3o ca\u00f3tica\u201d, afirmou.<\/p>\n<p style=\"text-align: justify;\">O presidente da Somese, Petr\u00f4nio Gomes, reafirmou a disposi\u00e7\u00e3o da entidade em apoiar iniciativas que preservem a vida, independentemente de posicionamento pol\u00edtico ou partid\u00e1rio. \u201cComo entidades compostas por m\u00e9dicos, que t\u00eam como principal a\u00e7\u00e3o a defesa da vida, manifestamos o nosso mais irrestrito\u00a0 desejo de ver o projeto ser aprovado com a maior celeridade poss\u00edvel\u201d, encerra a nota.<\/p>\n","protected":false},"excerpt":{"rendered":"<p>A Sociedade M\u00e9dica de Sergipe (Somese), em parceria com a Associa\u00e7\u00e3o M\u00e9dica Brasileira, Associa\u00e7\u00e3o Brasileira de Medicina de Tr\u00e1fego e a Academia Sergipana de Medicina apresentaram nesta quinta-feira, 12, uma nota de apoio ao projeto de lei do vereador Danilo Segundo (PSB), que trata do registro e licenciamento de ciclomotores em Aracaju. O documento foi [&hellip;]<\/p>\n","protected":false},"author":3,"featured_media":29711,"comment_status":"closed","ping_status":"closed","sticky":false,"template":"","format":"standard","meta":{"footnotes":""},"categories":[38],"tags":[],"class_list":{"0":"post-29710","1":"post","2":"type-post","3":"status-publish","4":"format-standard","5":"has-post-thumbnail","7":"category-municipios"},"_links":{"self":[{"href":"https:\/\/senoticias.com.br\/se\/wp-json\/wp\/v2\/posts\/29710"}],"collection":[{"href":"https:\/\/senoticias.com.br\/se\/wp-json\/wp\/v2\/posts"}],"about":[{"href":"https:\/\/senoticias.com.br\/se\/wp-json\/wp\/v2\/types\/post"}],"author":[{"embeddable":true,"href":"https:\/\/senoticias.com.br\/se\/wp-json\/wp\/v2\/users\/3"}],"replies":[{"embeddable":true,"href":"https:\/\/senoticias.com.br\/se\/wp-json\/wp\/v2\/comments?post=29710"}],"version-history":[{"count":0,"href":"https:\/\/senoticias.com.br\/se\/wp-json\/wp\/v2\/posts\/29710\/revisions"}],"wp:featuredmedia":[{"embeddable":true,"href":"https:\/\/senoticias.com.br\/se\/wp-json\/wp\/v2\/media\/29711"}],"wp:attachment":[{"href":"https:\/\/senoticias.com.br\/se\/wp-json\/wp\/v2\/media?parent=29710"}],"wp:term":[{"taxonomy":"category","embeddable":true,"href":"https:\/\/senoticias.com.br\/se\/wp-json\/wp\/v2\/categories?post=29710"},{"taxonomy":"post_tag","embeddable":true,"href":"https:\/\/senoticias.com.br\/se\/wp-json\/wp\/v2\/tags?post=29710"}],"curies":[{"name":"wp","href":"https:\/\/api.w.org\/{rel}","templated":true}]}}