{"id":29705,"date":"2012-04-12T20:34:26","date_gmt":"2012-04-12T23:34:26","guid":{"rendered":"http:\/\/senoticias.com.br\/se\/?p=29705"},"modified":"2012-04-14T07:36:30","modified_gmt":"2012-04-14T10:36:30","slug":"29705","status":"publish","type":"post","link":"https:\/\/senoticias.com.br\/se\/29705\/","title":{"rendered":"Pleno do TCE decide pela rejei\u00e7\u00e3o de Contas Anuais da Prefeitura de Capela"},"content":{"rendered":"<p>&nbsp;<\/p>\n<div id=\"attachment_29706\" style=\"width: 310px\" class=\"wp-caption alignleft\"><a href=\"http:\/\/senoticias.com.br\/se\/wp-content\/uploads\/2012\/04\/2e0eb6c22506d74cc2f5f3311cd7d97c.jpg\"><img loading=\"lazy\" decoding=\"async\" aria-describedby=\"caption-attachment-29706\" class=\"size-medium wp-image-29706\" title=\"2e0eb6c22506d74cc2f5f3311cd7d97c\" src=\"http:\/\/senoticias.com.br\/se\/wp-content\/uploads\/2012\/04\/2e0eb6c22506d74cc2f5f3311cd7d97c-300x216.jpg\" alt=\"\" width=\"300\" height=\"216\" srcset=\"https:\/\/senoticias.com.br\/se\/wp-content\/uploads\/2012\/04\/2e0eb6c22506d74cc2f5f3311cd7d97c-300x216.jpg 300w, https:\/\/senoticias.com.br\/se\/wp-content\/uploads\/2012\/04\/2e0eb6c22506d74cc2f5f3311cd7d97c-342x246.jpg 342w, https:\/\/senoticias.com.br\/se\/wp-content\/uploads\/2012\/04\/2e0eb6c22506d74cc2f5f3311cd7d97c-90x65.jpg 90w, https:\/\/senoticias.com.br\/se\/wp-content\/uploads\/2012\/04\/2e0eb6c22506d74cc2f5f3311cd7d97c.jpg 548w\" sizes=\"(max-width: 300px) 100vw, 300px\" \/><\/a><p id=\"caption-attachment-29706\" class=\"wp-caption-text\">Conselheiro Reinaldo Moura foi o relator do processo \/ Foto: Acrisio Siqueira<\/p><\/div>\n<p style=\"text-align: justify;\">Na sess\u00e3o plen\u00e1ria desta quinta, 12, o colegiado do Tribunal de Contas do Estado de Sergipe (TCE\/SE) decidiu pela rejei\u00e7\u00e3o das Contas Anuais da Prefeitura de Capela, referentes ao exerc\u00edcio 2005, de interesse do prefeito Manoel Messias Sukita Santos. A decis\u00e3o por unanimidade ratificou o voto do conselheiro-relator, Reinaldo Moura Ferreira.<\/p>\n<p style=\"text-align: justify;\">Ao relatar o processo o conselheiro afirmou que a 6\u00aa Coordenadoria de Controle e Inspe\u00e7\u00e3o (6\u00aa CCI), em Relat\u00f3rio de Presta\u00e7\u00e3o de Contas, havia apontado falhas e irregularidades que permaneceram mesmo ap\u00f3s o gestor respons\u00e1vel ter apresentado sua defesa.<\/p>\n<p style=\"text-align: justify;\">De acordo com o relat\u00f3rio, no valor referente \u00e0s altera\u00e7\u00f5es or\u00e7ament\u00e1rias, os cr\u00e9ditos adicionais abertos ultrapassaram as anula\u00e7\u00f5es de dota\u00e7\u00f5es sem que houvesse os recursos dispon\u00edveis. Al\u00e9m disso, a informa\u00e7\u00e3o contida no Sisap-Auditor com rela\u00e7\u00e3o \u00e0 Receita Arrecadada diverge do valor demonstrado na presente presta\u00e7\u00e3o de contas na r\u00fabrica Receitas Correntes.<\/p>\n<p style=\"text-align: justify;\">Outra irregularidade diz respeito \u00e0 an\u00e1lise do Balan\u00e7o Patrimonial, quanto ao aspecto qualitativo e quantitativo, onde constatou-se a inexist\u00eancia de recursos dispon\u00edveis para honrar as obriga\u00e7\u00f5es de curto prazo.<\/p>\n<p style=\"text-align: justify;\">Preliminarmente, o procurador do Minist\u00e9rio P\u00fablico de Contas, Jos\u00e9 S\u00e9rgio Monte Alegre (atual procurador-geral), havia proposto a convers\u00e3o do julgamento das contas em dilig\u00eancia para an\u00e1lise dos aspectos da legalidade, legitimidade, economicidade e razoabilidade.<\/p>\n<p style=\"text-align: justify;\">J\u00e1 em despacho motivado, o ent\u00e3o procurador-geral Jo\u00e3o Augusto dos Anjos Bandeira de Mello emitiu parecer opinando preliminarmente pela aprecia\u00e7\u00e3o do pleito do procurador S\u00e9rgio Monte Alegre e, no m\u00e9rito, pela emiss\u00e3o de parecer pr\u00e9vio pela rejei\u00e7\u00e3o das contas.<\/p>\n<p style=\"text-align: justify;\">Composto ainda pelos conselheiros Carlos Pinna, Cl\u00f3vis Barbosa, Luiz Augusto Ribeiro, Ulices Andrade e Rafael Fonseca, o colegiado ent\u00e3o rejeitou a preliminar e acatou o voto do conselheiro-relator, pela emiss\u00e3o de parecer pr\u00e9vio rejeitando as contas da Prefeitura de Capela, referentes ao exerc\u00edcio 2005.<\/p>\n<p style=\"text-align: justify;\">Ascom\/TCE\/SE<\/p>\n","protected":false},"excerpt":{"rendered":"<p>&nbsp; Na sess\u00e3o plen\u00e1ria desta quinta, 12, o colegiado do Tribunal de Contas do Estado de Sergipe (TCE\/SE) decidiu pela rejei\u00e7\u00e3o das Contas Anuais da Prefeitura de Capela, referentes ao exerc\u00edcio 2005, de interesse do prefeito Manoel Messias Sukita Santos. A decis\u00e3o por unanimidade ratificou o voto do conselheiro-relator, Reinaldo Moura Ferreira. Ao relatar o [&hellip;]<\/p>\n","protected":false},"author":3,"featured_media":29706,"comment_status":"closed","ping_status":"closed","sticky":false,"template":"","format":"standard","meta":{"footnotes":""},"categories":[38],"tags":[],"class_list":{"0":"post-29705","1":"post","2":"type-post","3":"status-publish","4":"format-standard","5":"has-post-thumbnail","7":"category-municipios"},"_links":{"self":[{"href":"https:\/\/senoticias.com.br\/se\/wp-json\/wp\/v2\/posts\/29705"}],"collection":[{"href":"https:\/\/senoticias.com.br\/se\/wp-json\/wp\/v2\/posts"}],"about":[{"href":"https:\/\/senoticias.com.br\/se\/wp-json\/wp\/v2\/types\/post"}],"author":[{"embeddable":true,"href":"https:\/\/senoticias.com.br\/se\/wp-json\/wp\/v2\/users\/3"}],"replies":[{"embeddable":true,"href":"https:\/\/senoticias.com.br\/se\/wp-json\/wp\/v2\/comments?post=29705"}],"version-history":[{"count":0,"href":"https:\/\/senoticias.com.br\/se\/wp-json\/wp\/v2\/posts\/29705\/revisions"}],"wp:featuredmedia":[{"embeddable":true,"href":"https:\/\/senoticias.com.br\/se\/wp-json\/wp\/v2\/media\/29706"}],"wp:attachment":[{"href":"https:\/\/senoticias.com.br\/se\/wp-json\/wp\/v2\/media?parent=29705"}],"wp:term":[{"taxonomy":"category","embeddable":true,"href":"https:\/\/senoticias.com.br\/se\/wp-json\/wp\/v2\/categories?post=29705"},{"taxonomy":"post_tag","embeddable":true,"href":"https:\/\/senoticias.com.br\/se\/wp-json\/wp\/v2\/tags?post=29705"}],"curies":[{"name":"wp","href":"https:\/\/api.w.org\/{rel}","templated":true}]}}