{"id":29700,"date":"2012-04-12T20:29:46","date_gmt":"2012-04-12T23:29:46","guid":{"rendered":"http:\/\/senoticias.com.br\/se\/?p=29700"},"modified":"2012-04-12T20:30:02","modified_gmt":"2012-04-12T23:30:02","slug":"ao-lado-do-governador-secretarios-buscam-investimentos-para-sergipe","status":"publish","type":"post","link":"https:\/\/senoticias.com.br\/se\/ao-lado-do-governador-secretarios-buscam-investimentos-para-sergipe\/","title":{"rendered":"Ao lado do governador, secret\u00e1rios buscam investimentos para Sergipe"},"content":{"rendered":"<div id=\"attachment_29701\" style=\"width: 310px\" class=\"wp-caption alignleft\"><a href=\"http:\/\/senoticias.com.br\/se\/wp-content\/uploads\/2012\/04\/FotoLigiaHougland.jpg\"><img loading=\"lazy\" decoding=\"async\" aria-describedby=\"caption-attachment-29701\" class=\"size-medium wp-image-29701\" title=\"FotoLigiaHougland\" src=\"http:\/\/senoticias.com.br\/se\/wp-content\/uploads\/2012\/04\/FotoLigiaHougland-300x199.jpg\" alt=\"\" width=\"300\" height=\"199\" srcset=\"https:\/\/senoticias.com.br\/se\/wp-content\/uploads\/2012\/04\/FotoLigiaHougland-300x199.jpg 300w, https:\/\/senoticias.com.br\/se\/wp-content\/uploads\/2012\/04\/FotoLigiaHougland-342x227.jpg 342w, https:\/\/senoticias.com.br\/se\/wp-content\/uploads\/2012\/04\/FotoLigiaHougland.jpg 700w\" sizes=\"(max-width: 300px) 100vw, 300px\" \/><\/a><p id=\"caption-attachment-29701\" class=\"wp-caption-text\">Ao lado do governador, secret\u00e1rios buscam investimentos para Sergipe.(Foto: Ligia Hougland)<\/p><\/div>\n<p style=\"text-align: justify;\">Agregar recursos para as \u00e1reas de sa\u00fade e de turismo do Estado foi a incumb\u00eancia dos secret\u00e1rios de Estado de Planejamento, Or\u00e7amento e Gest\u00e3o, Oliveira J\u00fanior, e do Turismo, Elber Batalha, durante o evento &#8220;Nordeste Brasileiro: Oportunidades de Investimento e Investimentos em Oportunidades&#8221;, realizado pelo Banco Mundial (Bird) em Washington. Acompanhando o governador Marcelo D\u00e9da, os gestores estaduais participaram de reuni\u00e3o com representantes do Banco Interamericano de Desenvolvimento (Bid) para acelerar o processo de obten\u00e7\u00e3o de opera\u00e7\u00f5es de cr\u00e9dito para o estado.<\/p>\n<p style=\"text-align: justify;\">Na \u00e1rea da Sa\u00fade, foi discutido um empr\u00e9stimo de US$ 85 milh\u00f5es para implanta\u00e7\u00e3o do programa de fortalecimento das redes de inclus\u00e3o social e de aten\u00e7\u00e3o \u00e0 sa\u00fade (Novo). A meta dessa iniciativa \u00e9 promover a consolida\u00e7\u00e3o da reforma sanit\u00e1ria com a qualifica\u00e7\u00e3o das opera\u00e7\u00f5es de assist\u00eancia de modo sustent\u00e1vel para assegurar melhores condi\u00e7\u00f5es de sa\u00fade \u00e0 popula\u00e7\u00e3o. \u201cO resultado da viagem foi extremamente proveitoso, nos reunimos com duas institui\u00e7\u00f5es de relev\u00e2ncia mundial, o Banco Mundial e o Bid, e fomos bem recebidos pela sua diretoria e representantes.\u00a0 Abrimos espa\u00e7o para uma nova opera\u00e7\u00e3o de sa\u00fade no valor de US$ 85 milh\u00f5es\u00a0 na rede de aten\u00e7\u00e3o \u00e0 Sa\u00fade. Esses recursos\u00a0 complementariam os investimentos atuais do Estado e permitiriam refor\u00e7ar a assist\u00eancia \u00e0 popula\u00e7\u00e3o mais carente\u201d, informou Oliveira J\u00fanior.<\/p>\n<p style=\"text-align: justify;\">Gestor tamb\u00e9m da Secretaria de Estado do Desenvolvimento Econ\u00f4mico e da Ci\u00eancia e Tecnologia (Sedetec), Oliveira J\u00fanior pontuou o crescimento econ\u00f4mico e social de Sergipe, que possui os melhores \u00edndices de gera\u00e7\u00e3o de emprego, PIB (Produto Interno Bruto) e IDH (\u00cdndice de Desenvolvimento Humano) da regi\u00e3o Nordeste.<\/p>\n<p style=\"text-align: justify;\">\u201cO bom desenvolvimento social e econ\u00f4mico de Sergipe \u00e9, hoje, um fator de atra\u00e7\u00e3o de investimentos estrangeiros. Inclusive, destacamos aqui que o parque E\u00f3lico em fase de instala\u00e7\u00e3o no estado \u00e9 financiado pelo banco chin\u00eas de desenvolvimento, o Development Bank Corporation. \u00c9 o primeiro empreendimento privado com capital chin\u00eas na regi\u00e3o, o que mostra que os estrangeiros est\u00e3o atentos \u00e0 nossa economia e buscam aproveitar as oportunidades de neg\u00f3cios que surgem\u201d, disse<\/p>\n<p style=\"text-align: justify;\"><strong>Turismo<\/strong><\/p>\n<p style=\"text-align: justify;\">Nos \u00faltimos cinco anos, Sergipe vem despontando no cen\u00e1rio tur\u00edstico nacional. A atividade j\u00e1 produz resultados econ\u00f4micos relevantes: entre 2007 e 2011, o turismo passou de 0,9% para 1,8% do PIB e \u00e9 um dos cinco setores que mais geram empregos no estado.<\/p>\n<p style=\"text-align: justify;\">Durante a reuni\u00e3o com representantes do Bid, ficou acertada a libera\u00e7\u00e3o de US$ 60 milh\u00f5es para o segundo semestre. O montante faz parte do Programa de Desenvolvimento do Turismo (Prodetur), que prev\u00ea o investimento de R$ 1 bilh\u00e3o na interven\u00e7\u00e3o p\u00fablica para o desenvolvimento da atividade tur\u00edstica do pa\u00eds, atrav\u00e9s de pr\u00e9vios processos de planejamento das regi\u00f5es tur\u00edsticas. Do montante de recursos, 60% ser\u00e3o provenientes do BID, 36% do Governo Federal e 4% do Governo do Estado.<\/p>\n<p style=\"text-align: justify;\">Em Sergipe, o Estado elegeu dois polos de atua\u00e7\u00e3o: o Costa dos Coqueirais &#8211; que compreende todo o litoral, desde a Foz do S\u00e3o Francisco at\u00e9 a Foz do Rio Real &#8211; e o Velho Chico, abrangendo toda \u00e1rea de influ\u00eancia do Rio S\u00e3o Francisco &#8211; desde Canind\u00e9 at\u00e9 Brejo Grande.<\/p>\n<p style=\"text-align: justify;\">\u201cFoi extremamente proveitosa nossa participa\u00e7\u00e3o no evento, sobretudo a reuni\u00e3o com o Banco Interamericano de Desenvolvimento, na qual fortalecemos o interesse pelo Prodetur e solicitamos um avan\u00e7o na opera\u00e7\u00e3o de cr\u00e9dito que trar\u00e1 um aporte de aproximadamente US$ 60 milh\u00f5es para o turismo no estado de Sergipe. Esse recurso ser\u00e1 aplicado nas \u00e1reas de infraestrutura tur\u00edstica, na capacita\u00e7\u00e3o dos profissionais envolvidos no setor e na conscientiza\u00e7\u00e3o ecol\u00f3gica, com pol\u00edticas de cunho ambiental. O compromisso para acelerar o fechamento do empr\u00e9stimo j\u00e1 foi de grande valia. Esperamos que com esse di\u00e1logo, entre os meses de agosto e setembro, tenhamos o contrato firmado e o in\u00edcio dos repasses\u201d, declarou o secret\u00e1rio de Estado do Turismo, Elber Batalha.<\/p>\n<p style=\"text-align: justify;\">Al\u00e9m dos secret\u00e1rios, tamb\u00e9m assessoraram o governador Marcelo D\u00e9da o representante de Sergipe em Bras\u00edlia, Pedro Lopes, e o diretor-presidente da Codise, D\u00e9cio Portella.<\/p>\n<p style=\"text-align: justify;\"><span style=\"color: #808080;\"><strong>Secretaria de Estado da Comunica\u00e7\u00e3o Social<\/strong><\/span><\/p>\n","protected":false},"excerpt":{"rendered":"<p>Agregar recursos para as \u00e1reas de sa\u00fade e de turismo do Estado foi a incumb\u00eancia dos secret\u00e1rios de Estado de Planejamento, Or\u00e7amento e Gest\u00e3o, Oliveira J\u00fanior, e do Turismo, Elber Batalha, durante o evento &#8220;Nordeste Brasileiro: Oportunidades de Investimento e Investimentos em Oportunidades&#8221;, realizado pelo Banco Mundial (Bird) em Washington. Acompanhando o governador Marcelo D\u00e9da, [&hellip;]<\/p>\n","protected":false},"author":3,"featured_media":29701,"comment_status":"closed","ping_status":"closed","sticky":false,"template":"","format":"standard","meta":{"footnotes":""},"categories":[6],"tags":[],"class_list":{"0":"post-29700","1":"post","2":"type-post","3":"status-publish","4":"format-standard","5":"has-post-thumbnail","7":"category-politica"},"_links":{"self":[{"href":"https:\/\/senoticias.com.br\/se\/wp-json\/wp\/v2\/posts\/29700"}],"collection":[{"href":"https:\/\/senoticias.com.br\/se\/wp-json\/wp\/v2\/posts"}],"about":[{"href":"https:\/\/senoticias.com.br\/se\/wp-json\/wp\/v2\/types\/post"}],"author":[{"embeddable":true,"href":"https:\/\/senoticias.com.br\/se\/wp-json\/wp\/v2\/users\/3"}],"replies":[{"embeddable":true,"href":"https:\/\/senoticias.com.br\/se\/wp-json\/wp\/v2\/comments?post=29700"}],"version-history":[{"count":0,"href":"https:\/\/senoticias.com.br\/se\/wp-json\/wp\/v2\/posts\/29700\/revisions"}],"wp:featuredmedia":[{"embeddable":true,"href":"https:\/\/senoticias.com.br\/se\/wp-json\/wp\/v2\/media\/29701"}],"wp:attachment":[{"href":"https:\/\/senoticias.com.br\/se\/wp-json\/wp\/v2\/media?parent=29700"}],"wp:term":[{"taxonomy":"category","embeddable":true,"href":"https:\/\/senoticias.com.br\/se\/wp-json\/wp\/v2\/categories?post=29700"},{"taxonomy":"post_tag","embeddable":true,"href":"https:\/\/senoticias.com.br\/se\/wp-json\/wp\/v2\/tags?post=29700"}],"curies":[{"name":"wp","href":"https:\/\/api.w.org\/{rel}","templated":true}]}}