{"id":29694,"date":"2012-04-12T15:16:54","date_gmt":"2012-04-12T18:16:54","guid":{"rendered":"http:\/\/senoticias.com.br\/se\/?p=29694"},"modified":"2012-04-12T15:19:08","modified_gmt":"2012-04-12T18:19:08","slug":"abertas-inscricoes-para-concurso-de-itabaianinha-com-169-vagas-veja-edital-cargos-e-datas","status":"publish","type":"post","link":"https:\/\/senoticias.com.br\/se\/abertas-inscricoes-para-concurso-de-itabaianinha-com-169-vagas-veja-edital-cargos-e-datas\/","title":{"rendered":"Abertas inscri\u00e7\u00f5es para concurso de Itabaianinha, com 169 vagas.  Veja edital, cargos e datas"},"content":{"rendered":"<p><span style=\"color: #808080;\"><strong>Os sal\u00e1rios podem chegar at\u00e9 5,5 mil.<\/strong><\/span><\/p>\n<p style=\"text-align: justify;\"><a href=\"http:\/\/senoticias.com.br\/se\/wp-content\/uploads\/2011\/11\/Concursos-II.jpg\"><img loading=\"lazy\" decoding=\"async\" class=\"alignleft size-thumbnail wp-image-16934\" title=\"Concursos II\" src=\"http:\/\/senoticias.com.br\/se\/wp-content\/uploads\/2011\/11\/Concursos-II-150x150.jpg\" alt=\"\" width=\"150\" height=\"150\" srcset=\"https:\/\/senoticias.com.br\/se\/wp-content\/uploads\/2011\/11\/Concursos-II-150x150.jpg 150w, https:\/\/senoticias.com.br\/se\/wp-content\/uploads\/2011\/11\/Concursos-II-50x50.jpg 50w, https:\/\/senoticias.com.br\/se\/wp-content\/uploads\/2011\/11\/Concursos-II-70x70.jpg 70w, https:\/\/senoticias.com.br\/se\/wp-content\/uploads\/2011\/11\/Concursos-II-55x55.jpg 55w\" sizes=\"(max-width: 150px) 100vw, 150px\" \/><\/a>A partir da \u00faltima ter\u00e7a-feira, dia 10, iniciou as inscri\u00e7\u00f5es para o concurso da Prefeitura de Itabaianinha, com 169 vagas nas \u00e1reas da Educa\u00e7\u00e3o, Assist\u00eancia Social, Administrativa, Operacional e da Sa\u00fade. Os sal\u00e1rios variam entre R$ 822,00 a R$ 5.500,00 em jornadas de 40 horas semanais.<\/p>\n<p style=\"text-align: justify;\">Das vagas ofertadas, 5% ser\u00e3o reservados aos portadores de necessidades especiais, desde que a defici\u00eancia que possuem seja compat\u00edvel com as atribui\u00e7\u00f5es do cargo.<\/p>\n<p style=\"text-align: justify;\">Para concorrer, os interessados dever\u00e3o se inscrever at\u00e9 \u00e0s 23h59 do pr\u00f3ximo dia 19 de abril pelo endere\u00e7o eletr\u00f4nico <a href=\"  http:\/\/www.planejarconcursos.com.br\/\" target=\"_blank\"><span style=\"color: #0000ff;\"><strong>www.planejarconcursos.com.br<\/strong><\/span><\/a> e pagar a taxa de R$ 11,00 para fun\u00e7\u00f5es de n\u00edvel Fundamental, de R$ 13,00 para M\u00e9dio e de R$ 16,00 para Superior.<\/p>\n<p>A sele\u00e7\u00e3o dos candidatos ser\u00e1 constitu\u00edda de provas objetivas para todos os inscritos, al\u00e9m de prova de t\u00edtulos para Professores e cargos de n\u00edvel Superior e prova pr\u00e1tica para Assistente Administrativo e Motorista. A previs\u00e3o \u00e9 que as provas escritas sejam realizadas no dia 13 de maio, em locais e hor\u00e1rios que ser\u00e3o definidos e divulgados com anteced\u00eancia.<\/p>\n<p style=\"text-align: justify;\"><strong>CARGOS<\/strong><\/p>\n<p style=\"text-align: justify;\"><strong>Superior &#8211;<\/strong> Assistente Social, Biblioteconomista, Contador, Educador F\u00edsico, Engenheiro Civil, Professor de Educa\u00e7\u00e3o B\u00e1sica II nas disciplinas Artes, Ci\u00eancias Biol\u00f3gicas, Espanhol, Ensino Religioso, Educa\u00e7\u00e3o F\u00edsica, Educa\u00e7\u00e3o do Campo, Educa\u00e7\u00e3o de Jovens e Adultos, Geografia, Hist\u00f3ria, Ingl\u00eas, Matem\u00e1tica, M\u00fasica e Portugu\u00eas, Professor Pedagogo, Biom\u00e9dico, Enfermeiro, Farmac\u00eautico, Fisioterapeuta, Fonoaudi\u00f3logo, M\u00e9dico, M\u00e9dico Cardiologista, Generalista, Ginecologista, Oftalmologista, Ortopedista, Pediatra, Psiquiatra, M\u00e9dico-Veterin\u00e1rio, Nutricionista, Odont\u00f3logo e Psic\u00f3logo.<\/p>\n<p style=\"text-align: justify;\"><strong>M\u00e9dio &#8211;<\/strong> Assistente Administrativo, Educador Social, Fiscal de Tributos, Operador de Computador, T\u00e9cnico de N\u00edvel M\u00e9dio, T\u00e9cnico em Edifica\u00e7\u00f5es, Agente Comunit\u00e1rio de Sa\u00fade, Atendente (Recepcionista), Atendente de Sa\u00fade Bucal, Auxiliar de Enfermagem, Fiscal de Vigil\u00e2ncia, Oficineiro de Artesanato do CAPS e T\u00e9cnico em Nutri\u00e7\u00e3o.<\/p>\n<p style=\"text-align: justify;\"><strong>Alfabetizado\/Fundamental &#8211;<\/strong> Fiscal de Postura, Motorista, Agente de Portaria, Auxiliar de Servi\u00e7os Gerais, Eletricista, Guarda Municipal, Marceneiro e Pedreiro.<\/p>\n<p>Clique<a href=\"  http:\/\/www.planejarconcursos.com.br\/Itabaianinha_Edital_FMS.pdf\" target=\"_blank\"><span style=\"color: #0000ff;\"><strong> aqui<\/strong><\/span><\/a>, e veja o edital.<\/p>\n<p><span style=\"color: #808080;\"><strong>SE Not\u00edcias com ITNET<\/strong><\/span><\/p>\n","protected":false},"excerpt":{"rendered":"<p>Os sal\u00e1rios podem chegar at\u00e9 5,5 mil. A partir da \u00faltima ter\u00e7a-feira, dia 10, iniciou as inscri\u00e7\u00f5es para o concurso da Prefeitura de Itabaianinha, com 169 vagas nas \u00e1reas da Educa\u00e7\u00e3o, Assist\u00eancia Social, Administrativa, Operacional e da Sa\u00fade. Os sal\u00e1rios variam entre R$ 822,00 a R$ 5.500,00 em jornadas de 40 horas semanais. Das vagas [&hellip;]<\/p>\n","protected":false},"author":3,"featured_media":16934,"comment_status":"closed","ping_status":"closed","sticky":false,"template":"","format":"standard","meta":{"footnotes":""},"categories":[9],"tags":[],"class_list":{"0":"post-29694","1":"post","2":"type-post","3":"status-publish","4":"format-standard","5":"has-post-thumbnail","7":"category-concursos"},"_links":{"self":[{"href":"https:\/\/senoticias.com.br\/se\/wp-json\/wp\/v2\/posts\/29694"}],"collection":[{"href":"https:\/\/senoticias.com.br\/se\/wp-json\/wp\/v2\/posts"}],"about":[{"href":"https:\/\/senoticias.com.br\/se\/wp-json\/wp\/v2\/types\/post"}],"author":[{"embeddable":true,"href":"https:\/\/senoticias.com.br\/se\/wp-json\/wp\/v2\/users\/3"}],"replies":[{"embeddable":true,"href":"https:\/\/senoticias.com.br\/se\/wp-json\/wp\/v2\/comments?post=29694"}],"version-history":[{"count":0,"href":"https:\/\/senoticias.com.br\/se\/wp-json\/wp\/v2\/posts\/29694\/revisions"}],"wp:featuredmedia":[{"embeddable":true,"href":"https:\/\/senoticias.com.br\/se\/wp-json\/wp\/v2\/media\/16934"}],"wp:attachment":[{"href":"https:\/\/senoticias.com.br\/se\/wp-json\/wp\/v2\/media?parent=29694"}],"wp:term":[{"taxonomy":"category","embeddable":true,"href":"https:\/\/senoticias.com.br\/se\/wp-json\/wp\/v2\/categories?post=29694"},{"taxonomy":"post_tag","embeddable":true,"href":"https:\/\/senoticias.com.br\/se\/wp-json\/wp\/v2\/tags?post=29694"}],"curies":[{"name":"wp","href":"https:\/\/api.w.org\/{rel}","templated":true}]}}