{"id":29688,"date":"2012-04-12T14:54:12","date_gmt":"2012-04-12T17:54:12","guid":{"rendered":"http:\/\/senoticias.com.br\/se\/?p=29688"},"modified":"2012-04-13T16:23:18","modified_gmt":"2012-04-13T19:23:18","slug":"jackson-participa-do-seminario-de-prevencao-aos-efeitos-das-chuvas","status":"publish","type":"post","link":"https:\/\/senoticias.com.br\/se\/jackson-participa-do-seminario-de-prevencao-aos-efeitos-das-chuvas\/","title":{"rendered":"Jackson participa do semin\u00e1rio de Preven\u00e7\u00e3o aos Efeitos das Chuvas"},"content":{"rendered":"<div id=\"attachment_29689\" style=\"width: 310px\" class=\"wp-caption alignleft\"><a href=\"http:\/\/senoticias.com.br\/se\/wp-content\/uploads\/2012\/04\/JBDEFESACIVIL4.jpeg\"><img loading=\"lazy\" decoding=\"async\" aria-describedby=\"caption-attachment-29689\" class=\"size-medium wp-image-29689\" title=\"JBDEFESACIVIL4\" src=\"http:\/\/senoticias.com.br\/se\/wp-content\/uploads\/2012\/04\/JBDEFESACIVIL4-300x247.jpg\" alt=\"\" width=\"300\" height=\"247\" srcset=\"https:\/\/senoticias.com.br\/se\/wp-content\/uploads\/2012\/04\/JBDEFESACIVIL4-300x247.jpg 300w, https:\/\/senoticias.com.br\/se\/wp-content\/uploads\/2012\/04\/JBDEFESACIVIL4-342x282.jpg 342w, https:\/\/senoticias.com.br\/se\/wp-content\/uploads\/2012\/04\/JBDEFESACIVIL4.jpeg 706w\" sizes=\"(max-width: 300px) 100vw, 300px\" \/><\/a><p id=\"caption-attachment-29689\" class=\"wp-caption-text\">O encontro acontece at\u00e9 as 17h, na sede da Defesa Civil. (Foto: Edinah Mary\/Seides)<\/p><\/div>\n<p style=\"text-align: justify;\">O Governo de Sergipe e o Minist\u00e9rio da Integra\u00e7\u00e3o Nacional, atrav\u00e9s da Defesa Civil Estadual e da Secretaria Nacional de Defesa Civil (Sedec), respectivamente, realizam nesta quinta-feira, 12, o II Semin\u00e1rio de Preven\u00e7\u00e3o aos Efeitos das Chuvas. O encontro acontece at\u00e9 as 17h, na sede da Defesa Civil, localizada na rua Santa Luzia n\u00ba 680, bairro S\u00e3o Jos\u00e9. A solenidade de abertura contou com a presen\u00e7a do governador de Sergipe em exerc\u00edcio, Jackson Barreto, que enfatizou a relev\u00e2ncia do trabalho realizado pela Defesa Civil.<\/p>\n<p style=\"text-align: justify;\">\u201cO semin\u00e1rio elaborado pela Defesa Civil Estadual mostra o quanto Sergipe est\u00e1 atento ao se antecipar aos fatos, preparando suas equipes de emerg\u00eancia sobre o que pode acontecer em per\u00edodos chuvosos. Esse trabalho de conscientiza\u00e7\u00e3o \u00e9 fundamental para que seja poss\u00edvel prevenir o desastre. \u00c9 mais satisfat\u00f3rio trabalhar a preven\u00e7\u00e3o do desastre, ao inv\u00e9s de atuar na reconstru\u00e7\u00e3o. O trabalho realizado pela Defesa Civil tem como base a experi\u00eancia e a observa\u00e7\u00e3o de diversos desastres naturais, por isso \u00e9 preciso respeitar e seguir atentamente as orienta\u00e7\u00f5es repassadas\u201d, destacou o governador em exerc\u00edcio..<\/p>\n<p style=\"text-align: justify;\">A secret\u00e1ria adjunta da Seides, Maria Luci Silva, representou a secret\u00e1ria Eliane Aquino, que se encontra em viagem oficial. Na ocasi\u00e3o, relatou a import\u00e2ncia da uni\u00e3o de esfor\u00e7os entre os entes federados para minimizar o sofrimento da popula\u00e7\u00e3o.<\/p>\n<p style=\"text-align: justify;\">\u201cTanto no per\u00edodo de estiagem, quanto na \u00e9poca das chuvas torrenciais, o trabalho realizado pela Defesa Civil estadual e municipal \u00e9 vital \u00e0 popula\u00e7\u00e3o sergipana. O empenho e o prazer das equipes que trabalham para minimizar o sofrimento das pessoas nos per\u00edodos de emerg\u00eancia s\u00e3o percept\u00edveis. O Governo de Sergipe, atrav\u00e9s da Secretaria de Estado da Inclus\u00e3o Social e da Defesa Civil Estadual, est\u00e1 sempre disposto a unir esfor\u00e7os\u00a0 com o Governo Federal e com munic\u00edpios para beneficiar a popula\u00e7\u00e3o v\u00edtima do per\u00edodo de emerg\u00eancia\u201d.<\/p>\n<p style=\"text-align: justify;\">O coordenador estadual da Defesa Civil, Tenente-coronel Jos\u00e9 Erivaldo Mendes, avaliou com contentamento o andamento dos trabalhos. \u201c\u00c9 com grande satisfa\u00e7\u00e3o que estou vivenciando mais um semin\u00e1rio realizado pelo Governo de Sergipe, onde abordamos a import\u00e2ncia da preven\u00e7\u00e3o aos efeitos da chuva em nosso estado. Atrav\u00e9s do semin\u00e1rio, buscamos sempre ressaltar maneiras de realizar a prote\u00e7\u00e3o efetiva da popula\u00e7\u00e3o sergipana que se encontra em vulnerabilidade. Durante o encontro, os munic\u00edpios que precisam de aten\u00e7\u00e3o priorit\u00e1ria recebem orienta\u00e7\u00f5es de como minimizar o efeito do per\u00edodo chuvoso. Assim como no semin\u00e1rio passado, estou certo de que conseguiremos bons resultados\u201d.<\/p>\n<p style=\"text-align: justify;\"><strong>Reconhecimento Nacional<\/strong><\/p>\n<p style=\"text-align: justify;\">A chefe de Gabinete da Secretaria Nacional de Defesa Civil, Cristiane Antunes, classificou como brilhante a iniciativa de Sergipe em realizar o Semin\u00e1rio de Preven\u00e7\u00e3o aos Efeitos das Chuvas.<\/p>\n<p style=\"text-align: justify;\">\u201cSergipe promoveu de forma brilhante esse semin\u00e1rio, e est\u00e1 de parab\u00e9ns por ter escolhido uma data muito prop\u00edcia, j\u00e1 que a Secretaria Nacional, junto com a Defesa Civil de Sergipe, tamb\u00e9m realiza durante essa semana a oficina que prev\u00ea a elabora\u00e7\u00e3o de um plano de conting\u00eancia para 11 munic\u00edpios do estado\u201d.<\/p>\n<p style=\"text-align: justify;\">Antunes relata ainda que plano de conting\u00eancia ter\u00e1 orienta\u00e7\u00f5es sobre o que fazer na hora do impacto, do pr\u00e9-impacto e do p\u00f3s-impacto, buscando sempre a redu\u00e7\u00e3o dos efeitos dos desastres e a prote\u00e7\u00e3o da popula\u00e7\u00e3o.<\/p>\n<p style=\"text-align: justify;\"><strong>Palestras<\/strong><\/p>\n<p style=\"text-align: justify;\">Durante o encontro, s\u00e3o abordados temas como a previs\u00e3o meteorol\u00f3gica para 2012, a implanta\u00e7\u00e3o da nova sala de situa\u00e7\u00e3o da Secretaria de Recursos H\u00eddricos, o papel da Engenharia na preven\u00e7\u00e3o de desastres e o plano de conting\u00eancia da Defesa Civil Estadual para o per\u00edodo chuvoso.<\/p>\n<p style=\"text-align: justify;\">Al\u00e9m disso, s\u00e3o discutidas as novas diretrizes para o reconhecimento de Situa\u00e7\u00e3o de Emerg\u00eancia e Estado de Calamidade P\u00fablica, e a transfer\u00eancia obrigat\u00f3ria de recursos e o Cart\u00e3o de Pagamento de Defesa Civil.<\/p>\n<p style=\"text-align: justify;\">Ag\u00eancia Sergipe de Not\u00edcias<\/p>\n","protected":false},"excerpt":{"rendered":"<p>O Governo de Sergipe e o Minist\u00e9rio da Integra\u00e7\u00e3o Nacional, atrav\u00e9s da Defesa Civil Estadual e da Secretaria Nacional de Defesa Civil (Sedec), respectivamente, realizam nesta quinta-feira, 12, o II Semin\u00e1rio de Preven\u00e7\u00e3o aos Efeitos das Chuvas. O encontro acontece at\u00e9 as 17h, na sede da Defesa Civil, localizada na rua Santa Luzia n\u00ba 680, [&hellip;]<\/p>\n","protected":false},"author":3,"featured_media":29689,"comment_status":"closed","ping_status":"closed","sticky":false,"template":"","format":"standard","meta":{"footnotes":""},"categories":[6],"tags":[],"class_list":{"0":"post-29688","1":"post","2":"type-post","3":"status-publish","4":"format-standard","5":"has-post-thumbnail","7":"category-politica"},"_links":{"self":[{"href":"https:\/\/senoticias.com.br\/se\/wp-json\/wp\/v2\/posts\/29688"}],"collection":[{"href":"https:\/\/senoticias.com.br\/se\/wp-json\/wp\/v2\/posts"}],"about":[{"href":"https:\/\/senoticias.com.br\/se\/wp-json\/wp\/v2\/types\/post"}],"author":[{"embeddable":true,"href":"https:\/\/senoticias.com.br\/se\/wp-json\/wp\/v2\/users\/3"}],"replies":[{"embeddable":true,"href":"https:\/\/senoticias.com.br\/se\/wp-json\/wp\/v2\/comments?post=29688"}],"version-history":[{"count":0,"href":"https:\/\/senoticias.com.br\/se\/wp-json\/wp\/v2\/posts\/29688\/revisions"}],"wp:featuredmedia":[{"embeddable":true,"href":"https:\/\/senoticias.com.br\/se\/wp-json\/wp\/v2\/media\/29689"}],"wp:attachment":[{"href":"https:\/\/senoticias.com.br\/se\/wp-json\/wp\/v2\/media?parent=29688"}],"wp:term":[{"taxonomy":"category","embeddable":true,"href":"https:\/\/senoticias.com.br\/se\/wp-json\/wp\/v2\/categories?post=29688"},{"taxonomy":"post_tag","embeddable":true,"href":"https:\/\/senoticias.com.br\/se\/wp-json\/wp\/v2\/tags?post=29688"}],"curies":[{"name":"wp","href":"https:\/\/api.w.org\/{rel}","templated":true}]}}