{"id":29682,"date":"2012-04-12T14:39:17","date_gmt":"2012-04-12T17:39:17","guid":{"rendered":"http:\/\/senoticias.com.br\/se\/?p=29682"},"modified":"2012-04-12T14:42:30","modified_gmt":"2012-04-12T17:42:30","slug":"nova-presidente-assume-conselho-de-pessoa-com-deficiencia","status":"publish","type":"post","link":"https:\/\/senoticias.com.br\/se\/nova-presidente-assume-conselho-de-pessoa-com-deficiencia\/","title":{"rendered":"Nova presidente assume Conselho de Pessoa com Defici\u00eancia"},"content":{"rendered":"<div id=\"attachment_29683\" style=\"width: 310px\" class=\"wp-caption alignleft\"><a href=\"http:\/\/senoticias.com.br\/se\/wp-content\/uploads\/2012\/04\/SAM_0434.jpg\"><img loading=\"lazy\" decoding=\"async\" aria-describedby=\"caption-attachment-29683\" class=\"size-medium wp-image-29683\" title=\"SAM_0434\" src=\"http:\/\/senoticias.com.br\/se\/wp-content\/uploads\/2012\/04\/SAM_0434-300x224.jpg\" alt=\"\" width=\"300\" height=\"224\" srcset=\"https:\/\/senoticias.com.br\/se\/wp-content\/uploads\/2012\/04\/SAM_0434-300x224.jpg 300w, https:\/\/senoticias.com.br\/se\/wp-content\/uploads\/2012\/04\/SAM_0434-342x256.jpg 342w, https:\/\/senoticias.com.br\/se\/wp-content\/uploads\/2012\/04\/SAM_0434-60x45.jpg 60w, https:\/\/senoticias.com.br\/se\/wp-content\/uploads\/2012\/04\/SAM_0434-150x113.jpg 150w, https:\/\/senoticias.com.br\/se\/wp-content\/uploads\/2012\/04\/SAM_0434-269x201.jpg 269w, https:\/\/senoticias.com.br\/se\/wp-content\/uploads\/2012\/04\/SAM_0434.jpg 778w\" sizes=\"(max-width: 300px) 100vw, 300px\" \/><\/a><p id=\"caption-attachment-29683\" class=\"wp-caption-text\">Aconteceu na manh\u00e3 de ter\u00e7a-feira, 10, solenidade para transmiss\u00e3o de cargo \u00e0 nova presidente do Conselho Estadual dos Direitos da Pessoa com Defici\u00eancia.(Foto: ASCOM - SEDHUC)<\/p><\/div>\n<p style=\"text-align: justify;\">Aconteceu na manh\u00e3 de ontem, 10, solenidade para transmiss\u00e3o de cargo \u00e0 nova presidente do Conselho Estadual dos Direitos da Pessoa com Defici\u00eancia (CEDP- cD), que \u00e9 vinculado \u00e0 Secretaria Estadual dos Direitos Humanos e da Cidadania ( SEDHUC).\u00a0 A pasta que era ocupada por Lyceu Dantas Posener agora est\u00e1 sob a administra\u00e7\u00e3o de Jane Mare da Rocha.\u00a0 Mari antes exercia o papel de vice- presidente no Conselho.<\/p>\n<p style=\"text-align: justify;\">O Secret\u00e1rio de Estado dos Direitos Humanos e da Cidadania, Luiz Eduardo Oliva, realizou a assinatura do termo de posse e desejou boa sorte a Jane nesta nova jornada. \u201cAlmejo pleno sucesso nesta nova caminhada. Jane Mare vem demonstrando que tem compet\u00eancia para desempenhar este papel, \u00e9 uma pessoa que conhece os problemas das pessoas com defici\u00eancia e tem experi\u00eancia para lidar com todas as quest\u00f5es relacionadas\u201d, pontua Oliva.<\/p>\n<p style=\"text-align: justify;\">\u201cS\u00e3o in\u00fameras as dificuldades que as pessoas com defici\u00eancia passam, que vai muito al\u00e9m da acessibilidade, estaremos unidos para implantar pol\u00edticas para elas .Toda a sociedade precisa despertar para a consci\u00eancia de que todos n\u00f3s estamos sujeitos a estar em uma situa\u00e7\u00e3o das pessoas com defici\u00eancia . O preconceito ainda existe e temos que disseminar a mensagem de respeito e de que eles tem o direito fundamental de ir e vir e a Secretaria dos Direitos Humanos estar\u00e1 dando todo o suporte a Jane Mare para isso\u201d, complementa o secret\u00e1rio.<\/p>\n<p style=\"text-align: justify;\">A presidente do Conselho Jane Mare agradece o apoio e a oportunidade.\u00a0 \u201cMeu curriculum me d\u00e1 suporte e seguran\u00e7a para desenvolver esse trabalho. Na condi\u00e7\u00e3o de presidente estarei aberta a todas as quest\u00f5es que chegarem ao Conselho.\u00a0 Como falou o secret\u00e1rio Luiz Eduardo Oliva, precisamos implementar as pol\u00edticas e temos que estar unidos para isso\u201d, finaliza Jane.<\/p>\n<p style=\"text-align: justify;\">Ma\u00edra Ribeiro &#8211; ASCOM &#8211; SEDHUC<\/p>\n","protected":false},"excerpt":{"rendered":"<p>Aconteceu na manh\u00e3 de ontem, 10, solenidade para transmiss\u00e3o de cargo \u00e0 nova presidente do Conselho Estadual dos Direitos da Pessoa com Defici\u00eancia (CEDP- cD), que \u00e9 vinculado \u00e0 Secretaria Estadual dos Direitos Humanos e da Cidadania ( SEDHUC).\u00a0 A pasta que era ocupada por Lyceu Dantas Posener agora est\u00e1 sob a administra\u00e7\u00e3o de Jane [&hellip;]<\/p>\n","protected":false},"author":3,"featured_media":29683,"comment_status":"closed","ping_status":"closed","sticky":false,"template":"","format":"standard","meta":{"footnotes":""},"categories":[38],"tags":[],"class_list":{"0":"post-29682","1":"post","2":"type-post","3":"status-publish","4":"format-standard","5":"has-post-thumbnail","7":"category-municipios"},"_links":{"self":[{"href":"https:\/\/senoticias.com.br\/se\/wp-json\/wp\/v2\/posts\/29682"}],"collection":[{"href":"https:\/\/senoticias.com.br\/se\/wp-json\/wp\/v2\/posts"}],"about":[{"href":"https:\/\/senoticias.com.br\/se\/wp-json\/wp\/v2\/types\/post"}],"author":[{"embeddable":true,"href":"https:\/\/senoticias.com.br\/se\/wp-json\/wp\/v2\/users\/3"}],"replies":[{"embeddable":true,"href":"https:\/\/senoticias.com.br\/se\/wp-json\/wp\/v2\/comments?post=29682"}],"version-history":[{"count":0,"href":"https:\/\/senoticias.com.br\/se\/wp-json\/wp\/v2\/posts\/29682\/revisions"}],"wp:featuredmedia":[{"embeddable":true,"href":"https:\/\/senoticias.com.br\/se\/wp-json\/wp\/v2\/media\/29683"}],"wp:attachment":[{"href":"https:\/\/senoticias.com.br\/se\/wp-json\/wp\/v2\/media?parent=29682"}],"wp:term":[{"taxonomy":"category","embeddable":true,"href":"https:\/\/senoticias.com.br\/se\/wp-json\/wp\/v2\/categories?post=29682"},{"taxonomy":"post_tag","embeddable":true,"href":"https:\/\/senoticias.com.br\/se\/wp-json\/wp\/v2\/tags?post=29682"}],"curies":[{"name":"wp","href":"https:\/\/api.w.org\/{rel}","templated":true}]}}