{"id":29675,"date":"2012-04-12T14:17:33","date_gmt":"2012-04-12T17:17:33","guid":{"rendered":"http:\/\/senoticias.com.br\/se\/?p=29675"},"modified":"2012-04-13T12:21:48","modified_gmt":"2012-04-13T15:21:48","slug":"atuacao-conjunta-do-mpe-sefaz-pge-e-ssp-recupera-mais-de-40-milhoes-para-os-cofres-publicos","status":"publish","type":"post","link":"https:\/\/senoticias.com.br\/se\/atuacao-conjunta-do-mpe-sefaz-pge-e-ssp-recupera-mais-de-40-milhoes-para-os-cofres-publicos\/","title":{"rendered":"Atua\u00e7\u00e3o conjunta do MPE, SEFAZ, PGE e SSP recupera mais de 40 milh\u00f5es para os cofres p\u00fablicos"},"content":{"rendered":"<div id=\"attachment_29676\" style=\"width: 310px\" class=\"wp-caption alignleft\"><a href=\"http:\/\/senoticias.com.br\/se\/wp-content\/uploads\/2012\/04\/grande-Rene_Erba_promotor.jpg\"><img loading=\"lazy\" decoding=\"async\" aria-describedby=\"caption-attachment-29676\" class=\"size-medium wp-image-29676\" title=\"grande-Rene_Erba_promotor\" src=\"http:\/\/senoticias.com.br\/se\/wp-content\/uploads\/2012\/04\/grande-Rene_Erba_promotor-300x225.jpg\" alt=\"\" width=\"300\" height=\"225\" srcset=\"https:\/\/senoticias.com.br\/se\/wp-content\/uploads\/2012\/04\/grande-Rene_Erba_promotor-300x225.jpg 300w, https:\/\/senoticias.com.br\/se\/wp-content\/uploads\/2012\/04\/grande-Rene_Erba_promotor-342x256.jpg 342w, https:\/\/senoticias.com.br\/se\/wp-content\/uploads\/2012\/04\/grande-Rene_Erba_promotor-60x45.jpg 60w, https:\/\/senoticias.com.br\/se\/wp-content\/uploads\/2012\/04\/grande-Rene_Erba_promotor-150x113.jpg 150w, https:\/\/senoticias.com.br\/se\/wp-content\/uploads\/2012\/04\/grande-Rene_Erba_promotor-269x201.jpg 269w, https:\/\/senoticias.com.br\/se\/wp-content\/uploads\/2012\/04\/grande-Rene_Erba_promotor.jpg 700w\" sizes=\"(max-width: 300px) 100vw, 300px\" \/><\/a><p id=\"caption-attachment-29676\" class=\"wp-caption-text\">Promotor de Justi\u00e7a Ren\u00ea Erba.(Foto: reprodu\u00e7\u00e3o)<\/p><\/div>\n<p style=\"text-align: justify;\">A Promotoria de Justi\u00e7a de Defesa da Ordem Tribut\u00e1ria, recentemente criada no \u00e2mbito do Minist\u00e9rio P\u00fablico de Sergipe e ocupada pelo Promotor de Justi\u00e7a, Dr. Ren\u00ea Erba, em atua\u00e7\u00e3o conjunta com a Secretaria de Estado da Fazenda \u2013 SEFAZ, Procuradoria Geral do Estado \u2013 PGE e Pol\u00edcia Civil, recuperaram para os cofres p\u00fablicos o montante de R$ 46.214.610,07 (quarenta e seis milh\u00f5es, duzentos e quatorze mil e seiscentos e dez reais).<\/p>\n<p style=\"text-align: justify;\">A quantia era devida por sociedade empres\u00e1ria do segmento de medicamentos. Na manh\u00e3 do dia 12 de abril, em audi\u00eancia realizada na sede do Minist\u00e9rio P\u00fablico, a sociedade empres\u00e1ria reconheceu e confessou sua d\u00edvida.<\/p>\n<p style=\"text-align: justify;\">Depois de notificada pelo MP, no \u00faltimo dia 03 de abril, sobre a conclus\u00e3o do Inqu\u00e9rito Policial, referente a eventual pr\u00e1tica de crime de sonega\u00e7\u00e3o fiscal e que os administradores da empresa iriam ser responsabilizados pessoalmente pela pr\u00e1tica de tais atos, a sociedade empres\u00e1ria requereu designa\u00e7\u00e3o de audi\u00eancia.<\/p>\n<p style=\"text-align: justify;\">Durante a audi\u00eancia, com a presen\u00e7a de representantes do MP, da SEFAZ e da PGE, os participantes da sociedade em quest\u00e3o confessaram sua d\u00edvida e receberam um boleto para pagamento do tributo, como forma de evitar a\u00e7\u00f5es a serem deflagradas pelo Minist\u00e9rio P\u00fablico.<\/p>\n<p style=\"text-align: justify;\"><span style=\"color: #808080;\"><strong>M\u00f4nica Ribeira &#8211; Assessora de Imprensa MP\/SE<\/strong><\/span><\/p>\n","protected":false},"excerpt":{"rendered":"<p>A Promotoria de Justi\u00e7a de Defesa da Ordem Tribut\u00e1ria, recentemente criada no \u00e2mbito do Minist\u00e9rio P\u00fablico de Sergipe e ocupada pelo Promotor de Justi\u00e7a, Dr. Ren\u00ea Erba, em atua\u00e7\u00e3o conjunta com a Secretaria de Estado da Fazenda \u2013 SEFAZ, Procuradoria Geral do Estado \u2013 PGE e Pol\u00edcia Civil, recuperaram para os cofres p\u00fablicos o montante [&hellip;]<\/p>\n","protected":false},"author":3,"featured_media":29676,"comment_status":"closed","ping_status":"closed","sticky":false,"template":"","format":"standard","meta":{"footnotes":""},"categories":[38],"tags":[],"class_list":{"0":"post-29675","1":"post","2":"type-post","3":"status-publish","4":"format-standard","5":"has-post-thumbnail","7":"category-municipios"},"_links":{"self":[{"href":"https:\/\/senoticias.com.br\/se\/wp-json\/wp\/v2\/posts\/29675"}],"collection":[{"href":"https:\/\/senoticias.com.br\/se\/wp-json\/wp\/v2\/posts"}],"about":[{"href":"https:\/\/senoticias.com.br\/se\/wp-json\/wp\/v2\/types\/post"}],"author":[{"embeddable":true,"href":"https:\/\/senoticias.com.br\/se\/wp-json\/wp\/v2\/users\/3"}],"replies":[{"embeddable":true,"href":"https:\/\/senoticias.com.br\/se\/wp-json\/wp\/v2\/comments?post=29675"}],"version-history":[{"count":0,"href":"https:\/\/senoticias.com.br\/se\/wp-json\/wp\/v2\/posts\/29675\/revisions"}],"wp:featuredmedia":[{"embeddable":true,"href":"https:\/\/senoticias.com.br\/se\/wp-json\/wp\/v2\/media\/29676"}],"wp:attachment":[{"href":"https:\/\/senoticias.com.br\/se\/wp-json\/wp\/v2\/media?parent=29675"}],"wp:term":[{"taxonomy":"category","embeddable":true,"href":"https:\/\/senoticias.com.br\/se\/wp-json\/wp\/v2\/categories?post=29675"},{"taxonomy":"post_tag","embeddable":true,"href":"https:\/\/senoticias.com.br\/se\/wp-json\/wp\/v2\/tags?post=29675"}],"curies":[{"name":"wp","href":"https:\/\/api.w.org\/{rel}","templated":true}]}}