{"id":29665,"date":"2012-04-12T13:43:08","date_gmt":"2012-04-12T16:43:08","guid":{"rendered":"http:\/\/senoticias.com.br\/se\/?p=29665"},"modified":"2012-04-13T12:01:36","modified_gmt":"2012-04-13T15:01:36","slug":"veiculo-pega-fogo-nas-imediacoes-de-supermercado-na-zona-sul-de-aracaju","status":"publish","type":"post","link":"https:\/\/senoticias.com.br\/se\/veiculo-pega-fogo-nas-imediacoes-de-supermercado-na-zona-sul-de-aracaju\/","title":{"rendered":"Ve\u00edculo pega fogo nas imedia\u00e7\u00f5es de supermercado na Zona Sul de Aracaju"},"content":{"rendered":"<p><span style=\"color: #808080;\"><strong>Denise Gomes e Fl\u00e1vio Antunes Do G1 SE<\/strong><\/span><\/p>\n<p><span style=\"color: #808080;\"><strong>Tr\u00eas pessoas estavam no carro quando o inc\u00eandio come\u00e7ou.<\/strong><\/span><br \/>\n<span style=\"color: #808080;\"><strong>Segundo o condutor, fuma\u00e7a come\u00e7ou a sair do motor que ficou destru\u00eddo.<\/strong><\/span><\/p>\n<div id=\"attachment_29666\" style=\"width: 605px\" class=\"wp-caption aligncenter\"><a href=\"http:\/\/senoticias.com.br\/se\/wp-content\/uploads\/2012\/04\/carro_incendiado.jpg\"><img loading=\"lazy\" decoding=\"async\" aria-describedby=\"caption-attachment-29666\" class=\"size-full wp-image-29666\" title=\"\" src=\"http:\/\/senoticias.com.br\/se\/wp-content\/uploads\/2012\/04\/carro_incendiado.jpg\" alt=\"\" width=\"595\" height=\"446\" srcset=\"https:\/\/senoticias.com.br\/se\/wp-content\/uploads\/2012\/04\/carro_incendiado.jpg 595w, https:\/\/senoticias.com.br\/se\/wp-content\/uploads\/2012\/04\/carro_incendiado-300x224.jpg 300w, https:\/\/senoticias.com.br\/se\/wp-content\/uploads\/2012\/04\/carro_incendiado-342x256.jpg 342w, https:\/\/senoticias.com.br\/se\/wp-content\/uploads\/2012\/04\/carro_incendiado-60x45.jpg 60w, https:\/\/senoticias.com.br\/se\/wp-content\/uploads\/2012\/04\/carro_incendiado-150x113.jpg 150w, https:\/\/senoticias.com.br\/se\/wp-content\/uploads\/2012\/04\/carro_incendiado-269x201.jpg 269w\" sizes=\"(max-width: 595px) 100vw, 595px\" \/><\/a><p id=\"caption-attachment-29666\" class=\"wp-caption-text\">Ve\u00edculo pega fogo na zona sul de Aracaju (Foto: Fl\u00e1vio Antunes\/G1 SE)<\/p><\/div>\n<p>Um ve\u00edculo pegou fogo na Rua Ant\u00f4nio Fagundes Santana, na Zona Sul de Aracaju (SE) por volta das 9h30 da manh\u00e3 desta quinta-feira (11). Tr\u00eas pessoas que estavam no autom\u00f3vel conseguiram sair a tempo e n\u00e3o se feriram.<\/p>\n<p>De acordo com o estudante Rodrigo Leite, de 23 anos, que conduzia o ve\u00edculo modelo Santana, ano 1998, ele e os av\u00f3s que j\u00e1 s\u00e3o idosos, haviam feito compras em um supermercado da regi\u00e3o e ao sair do estacionamento percebeu que uma fuma\u00e7a estava saindo do motor.<\/p>\n<p>\u201cParei imediatamente para ver o que estava ocorrendo e logo percebi que as chamas haviam tomado conta do motor. Tirei meus av\u00f3s rapidamente do ve\u00edculo antes que o inc\u00eandio se propagasse\u201d, disse.<\/p>\n<p style=\"text-align: justify;\">Moradores e motoristas que passavam pelo local ajudaram o estudante no combate \u00e0s chamas utilizando extintores. No entanto, o fogo s\u00f3 foi controlado totalmente ap\u00f3s a chegada de uma equipe do Corpo de Bombeiros.<\/p>\n<p style=\"text-align: justify;\">\u201cAcredito n\u00e3o h\u00e1 como recuperar os danos, pois o motor ficou totalmente destru\u00eddo\u201d, afirmou o estudante, que acionou a seguradora. Um guincho foi at\u00e9 o local para realizar a remo\u00e7\u00e3o do ve\u00edculo.<\/p>\n","protected":false},"excerpt":{"rendered":"<p>Denise Gomes e Fl\u00e1vio Antunes Do G1 SE Tr\u00eas pessoas estavam no carro quando o inc\u00eandio come\u00e7ou. Segundo o condutor, fuma\u00e7a come\u00e7ou a sair do motor que ficou destru\u00eddo. Um ve\u00edculo pegou fogo na Rua Ant\u00f4nio Fagundes Santana, na Zona Sul de Aracaju (SE) por volta das 9h30 da manh\u00e3 desta quinta-feira (11). Tr\u00eas pessoas [&hellip;]<\/p>\n","protected":false},"author":3,"featured_media":29666,"comment_status":"closed","ping_status":"closed","sticky":false,"template":"","format":"standard","meta":{"footnotes":""},"categories":[38],"tags":[],"class_list":{"0":"post-29665","1":"post","2":"type-post","3":"status-publish","4":"format-standard","5":"has-post-thumbnail","7":"category-municipios"},"_links":{"self":[{"href":"https:\/\/senoticias.com.br\/se\/wp-json\/wp\/v2\/posts\/29665"}],"collection":[{"href":"https:\/\/senoticias.com.br\/se\/wp-json\/wp\/v2\/posts"}],"about":[{"href":"https:\/\/senoticias.com.br\/se\/wp-json\/wp\/v2\/types\/post"}],"author":[{"embeddable":true,"href":"https:\/\/senoticias.com.br\/se\/wp-json\/wp\/v2\/users\/3"}],"replies":[{"embeddable":true,"href":"https:\/\/senoticias.com.br\/se\/wp-json\/wp\/v2\/comments?post=29665"}],"version-history":[{"count":0,"href":"https:\/\/senoticias.com.br\/se\/wp-json\/wp\/v2\/posts\/29665\/revisions"}],"wp:featuredmedia":[{"embeddable":true,"href":"https:\/\/senoticias.com.br\/se\/wp-json\/wp\/v2\/media\/29666"}],"wp:attachment":[{"href":"https:\/\/senoticias.com.br\/se\/wp-json\/wp\/v2\/media?parent=29665"}],"wp:term":[{"taxonomy":"category","embeddable":true,"href":"https:\/\/senoticias.com.br\/se\/wp-json\/wp\/v2\/categories?post=29665"},{"taxonomy":"post_tag","embeddable":true,"href":"https:\/\/senoticias.com.br\/se\/wp-json\/wp\/v2\/tags?post=29665"}],"curies":[{"name":"wp","href":"https:\/\/api.w.org\/{rel}","templated":true}]}}