{"id":29659,"date":"2012-04-12T13:35:00","date_gmt":"2012-04-12T16:35:00","guid":{"rendered":"http:\/\/senoticias.com.br\/se\/?p=29659"},"modified":"2012-04-13T18:27:18","modified_gmt":"2012-04-13T21:27:18","slug":"pais-descobrem-que-bebe-morto-estava-vivo-apos-ouvir-choro-no-caixao","status":"publish","type":"post","link":"https:\/\/senoticias.com.br\/se\/pais-descobrem-que-bebe-morto-estava-vivo-apos-ouvir-choro-no-caixao\/","title":{"rendered":"Pais descobrem que beb\u00ea &#8216;morto&#8217; estava vivo ap\u00f3s ouvir choro no caix\u00e3o"},"content":{"rendered":"<p><span style=\"color: #808080;\"><strong>Ela foi dada como morta e, 12 horas depois, seus pais a encontraram movendo-se no caix\u00e3o do necrot\u00e9rio onde haviam ido para dar o \u00faltimo adeus \u00e0 crian\u00e7a.<\/strong><\/span><\/p>\n<div id=\"attachment_29660\" style=\"width: 160px\" class=\"wp-caption alignleft\"><a href=\"http:\/\/senoticias.com.br\/se\/wp-content\/uploads\/2012\/04\/fabian-e-analia-descobriram-a-filha-vida-quando-pretendiam-se-despedir-da-menina-1334233115833_300x200.jpg\"><img loading=\"lazy\" decoding=\"async\" aria-describedby=\"caption-attachment-29660\" class=\"size-thumbnail wp-image-29660\" title=\"\" src=\"http:\/\/senoticias.com.br\/se\/wp-content\/uploads\/2012\/04\/fabian-e-analia-descobriram-a-filha-vida-quando-pretendiam-se-despedir-da-menina-1334233115833_300x200-150x150.jpg\" alt=\"\" width=\"150\" height=\"150\" srcset=\"https:\/\/senoticias.com.br\/se\/wp-content\/uploads\/2012\/04\/fabian-e-analia-descobriram-a-filha-vida-quando-pretendiam-se-despedir-da-menina-1334233115833_300x200-150x150.jpg 150w, https:\/\/senoticias.com.br\/se\/wp-content\/uploads\/2012\/04\/fabian-e-analia-descobriram-a-filha-vida-quando-pretendiam-se-despedir-da-menina-1334233115833_300x200-50x50.jpg 50w, https:\/\/senoticias.com.br\/se\/wp-content\/uploads\/2012\/04\/fabian-e-analia-descobriram-a-filha-vida-quando-pretendiam-se-despedir-da-menina-1334233115833_300x200-70x70.jpg 70w, https:\/\/senoticias.com.br\/se\/wp-content\/uploads\/2012\/04\/fabian-e-analia-descobriram-a-filha-vida-quando-pretendiam-se-despedir-da-menina-1334233115833_300x200-55x55.jpg 55w\" sizes=\"(max-width: 150px) 100vw, 150px\" \/><\/a><p id=\"caption-attachment-29660\" class=\"wp-caption-text\">Fabi\u00e1n e Anal\u00eda descobriram a filha vida quando pretendiam se despedir da menina. (AP)<\/p><\/div>\n<p style=\"text-align: justify;\">Este \u00e9 o incr\u00edvel caso da pequena Luz Milagros, beb\u00ea prematura que foi dada como morta em um hospital na prov\u00edncia do Chaco, no norte da Argentina, ap\u00f3s m\u00e9dicos n\u00e3o verificarem sinais vitais na menina.<\/p>\n<p style=\"text-align: justify;\">Mas agora a beb\u00ea, nascida ap\u00f3s seis meses de gesta\u00e7\u00e3o, est\u00e1 em terapia intensiva, ainda sem previs\u00e3o de alta.<\/p>\n<p style=\"text-align: justify;\">A representa\u00e7\u00e3o do Minist\u00e9rio da Sa\u00fade do Chaco suspendeu cinco m\u00e9dicos da unidade hospitalar enquanto investiga o caso.<\/p>\n<p style=\"text-align: justify;\">Os pais da menina receberam uma certid\u00e3o de \u00f3bito uma hora antes de irem se despedir da menina no necrot\u00e9rio.<\/p>\n<p style=\"text-align: justify;\">&#8220;Obviamente houve um erro m\u00e9dico protocolar (&#8230;) foi um fato lament\u00e1vel, que por sorte est\u00e1 sendo controlado, e toda a assist\u00eancia m\u00e9dica est\u00e1 sendo dada \u00e0 pequena Luz Milagros&#8221;, disse \u00e0 imprensa local o ministro da Sa\u00fade P\u00fablica do Chaco, Francisco Baquero.<\/p>\n<p style=\"text-align: justify;\">Especialistas que examinaram o caso afirmaram que \u00e9 muito prov\u00e1vel que por ter permanecido em baixas temperaturas no caix\u00e3o, a beb\u00ea (de apenas 28 semanas), pode ter conseguido manter seus \u00f3rg\u00e3os vitais em funcionamento.<br \/>\n&#8216;N\u00e3o ins\u00f3lito&#8217;<\/p>\n<p style=\"text-align: justify;\">&#8220;\u00c9 uma situa\u00e7\u00e3o lament\u00e1vel, mas n\u00e3o ins\u00f3lita&#8221;, sublinhou ao jornal Clar\u00edn o neurologista Claudio Solana. &#8220;Os beb\u00eas prematuros \u00e0s vezes nascem sem frequ\u00eancia card\u00edaca nem respirat\u00f3ria. Sem sinais de vida. O comum \u00e9 deix\u00e1-los em observa\u00e7\u00e3o por pelo menos duas horas. \u00c0s vezes eles se reanimam e recuperam os sinais vitais&#8221;, explicou Solana.<\/p>\n<p style=\"text-align: justify;\">A beb\u00ea, que nasceu no Hospital Perrando, em Resist\u00eancia, se chamaria Luciana Abigail, mas seus pais mudaram o nome para Luz Milagros, por acreditarem que foi um milagre a volta da menina \u00e0 vida.<\/p>\n<p style=\"text-align: justify;\">De acordo com a vers\u00e3o dos pais da crian\u00e7a, a not\u00edcia precipitada da morte da menina foi dada poucos instantes depois do parto.<\/p>\n<p style=\"text-align: justify;\">&#8220;Houve muitas coisas que me chamaram a aten\u00e7\u00e3o, primeiro que n\u00e3o me deixaram ver o corpo de minha filha, e levarem-na para o necrot\u00e9rio, onde colocaram no caix\u00e3o e fecharam&#8221;, contou o pai, Fabi\u00e1n Ver\u00f3n.<\/p>\n<p style=\"text-align: justify;\">&#8220;Minha filha esteve 12 horas no necrot\u00e9rio e at\u00e9 o momento, no lugar de uma certid\u00e3o de nascimento, s\u00f3 temos uma certid\u00e3o de \u00f3bito&#8221;, disse a m\u00e3e, Anal\u00eda Bouter.<\/p>\n<p style=\"text-align: justify;\">Ele ainda lembra do instante em que voltou a esperan\u00e7a no que parecia um caso perdido, quando abriram o caix\u00e3o.<\/p>\n<p style=\"text-align: justify;\">&#8220;De repente, escutei um gemido, um choro fraco, ela estava coberta por uma fina camada de gelo&#8221;, contou a m\u00e3e. &#8220;A alegria de saber que estava viva apagou todo o resto&#8221;.<\/p>\n<p style=\"text-align: justify;\">A pequena Luz Milagros, segundo o \u00faltimo boletim m\u00e9dico, de quarta-feira, permanecia est\u00e1vel, mas em estado &#8220;cr\u00edtico&#8221;. Ela pesa apenas 750 gramas.<\/p>\n<p style=\"text-align: justify;\"><span style=\"color: #333333;\"><strong>&#8220;Ela est\u00e1 conectada a um respirador, para que n\u00e3o se esforce, e se recupera&#8221;, afirmou a m\u00e3e.<\/strong><\/span><\/p>\n<p style=\"text-align: justify;\"><span style=\"color: #333333;\"><strong>O casal tem dois filhos.<\/strong><\/span><\/p>\n<p style=\"text-align: justify;\"><a href=\"  http:\/\/noticias.uol.com.br\/ultimas-noticias\/bbc\/2012\/04\/12\/pais-descobrem-que-bebe-morto-estava-vivo-apos-ouvir-choro-no-caixao.htm#\" target=\"_blank\"><br \/>\n<\/a><\/p>\n<p style=\"text-align: justify;\"><a href=\"  http:\/\/noticias.uol.com.br\/ultimas-noticias\/bbc\/2012\/04\/12\/pais-descobrem-que-bebe-morto-estava-vivo-apos-ouvir-choro-no-caixao.htm#\" target=\"_blank\"><span style=\"color: #333333;\"><strong>Portal UOL<\/strong><\/span><\/a><\/p>\n","protected":false},"excerpt":{"rendered":"<p>Ela foi dada como morta e, 12 horas depois, seus pais a encontraram movendo-se no caix\u00e3o do necrot\u00e9rio onde haviam ido para dar o \u00faltimo adeus \u00e0 crian\u00e7a. Este \u00e9 o incr\u00edvel caso da pequena Luz Milagros, beb\u00ea prematura que foi dada como morta em um hospital na prov\u00edncia do Chaco, no norte da Argentina, [&hellip;]<\/p>\n","protected":false},"author":3,"featured_media":29660,"comment_status":"closed","ping_status":"closed","sticky":false,"template":"","format":"standard","meta":{"footnotes":""},"categories":[38],"tags":[],"class_list":{"0":"post-29659","1":"post","2":"type-post","3":"status-publish","4":"format-standard","5":"has-post-thumbnail","7":"category-municipios"},"_links":{"self":[{"href":"https:\/\/senoticias.com.br\/se\/wp-json\/wp\/v2\/posts\/29659"}],"collection":[{"href":"https:\/\/senoticias.com.br\/se\/wp-json\/wp\/v2\/posts"}],"about":[{"href":"https:\/\/senoticias.com.br\/se\/wp-json\/wp\/v2\/types\/post"}],"author":[{"embeddable":true,"href":"https:\/\/senoticias.com.br\/se\/wp-json\/wp\/v2\/users\/3"}],"replies":[{"embeddable":true,"href":"https:\/\/senoticias.com.br\/se\/wp-json\/wp\/v2\/comments?post=29659"}],"version-history":[{"count":0,"href":"https:\/\/senoticias.com.br\/se\/wp-json\/wp\/v2\/posts\/29659\/revisions"}],"wp:featuredmedia":[{"embeddable":true,"href":"https:\/\/senoticias.com.br\/se\/wp-json\/wp\/v2\/media\/29660"}],"wp:attachment":[{"href":"https:\/\/senoticias.com.br\/se\/wp-json\/wp\/v2\/media?parent=29659"}],"wp:term":[{"taxonomy":"category","embeddable":true,"href":"https:\/\/senoticias.com.br\/se\/wp-json\/wp\/v2\/categories?post=29659"},{"taxonomy":"post_tag","embeddable":true,"href":"https:\/\/senoticias.com.br\/se\/wp-json\/wp\/v2\/tags?post=29659"}],"curies":[{"name":"wp","href":"https:\/\/api.w.org\/{rel}","templated":true}]}}