{"id":29652,"date":"2012-04-12T08:53:08","date_gmt":"2012-04-12T11:53:08","guid":{"rendered":"http:\/\/senoticias.com.br\/se\/?p=29652"},"modified":"2012-04-13T06:44:24","modified_gmt":"2012-04-13T09:44:24","slug":"juiz-mantem-decisao-que-veta-livro-que-diz-que-lampiao-era-gay","status":"publish","type":"post","link":"https:\/\/senoticias.com.br\/se\/juiz-mantem-decisao-que-veta-livro-que-diz-que-lampiao-era-gay\/","title":{"rendered":"Juiz mant\u00e9m decis\u00e3o que veta livro que diz que Lampi\u00e3o era gay"},"content":{"rendered":"<p>por ANT\u00d4NIO CARLOS GARGIA, da <a href=\"%20%20%20http:\/\/www.estadao.com.br\/noticias\/geral,continua-veto-a-livro-que-diz-que-lampiao-era-gay,859824,0.htm\" target=\"_blank\"><strong>AG\u00caNCIA ESTADO<\/strong><\/a><\/p>\n<p style=\"text-align: justify;\"><a href=\"http:\/\/senoticias.com.br\/se\/wp-content\/uploads\/2012\/02\/justica1.jpg\"><img loading=\"lazy\" decoding=\"async\" class=\"alignleft size-thumbnail wp-image-25736\" title=\"justica\" src=\"http:\/\/senoticias.com.br\/se\/wp-content\/uploads\/2012\/02\/justica1-150x150.jpg\" alt=\"\" width=\"150\" height=\"150\" srcset=\"https:\/\/senoticias.com.br\/se\/wp-content\/uploads\/2012\/02\/justica1-150x150.jpg 150w, https:\/\/senoticias.com.br\/se\/wp-content\/uploads\/2012\/02\/justica1-50x50.jpg 50w, https:\/\/senoticias.com.br\/se\/wp-content\/uploads\/2012\/02\/justica1-70x70.jpg 70w, https:\/\/senoticias.com.br\/se\/wp-content\/uploads\/2012\/02\/justica1-55x55.jpg 55w\" sizes=\"(max-width: 150px) 100vw, 150px\" \/><\/a>O juiz da 7\u00aa Vara C\u00edvel de Aracaju, Aldo Albuquerque, manteve a decis\u00e3o de n\u00e3o permitir que o pol\u00eamico livro &#8220;Lampi\u00e3o Mata Sete&#8221;, que sustenta que o Rei do Canga\u00e7o, Virgulino Ferreira da Silva, era gay, seja lan\u00e7ado. No dia 25 de novembro do ano passado, Aldo expediu uma liminar suspendendo o lan\u00e7amento, que iria ocorrer em uma livraria de Aracaju, em virtude de uma a\u00e7\u00e3o movida por Expedita Ferreira, filha do cangaceiro.<\/p>\n<p style=\"text-align: justify;\">O autor do livro, o juiz aposentado Pedro de Morais, disse que vai recorrer da decis\u00e3o junto ao Tribunal de Justi\u00e7a de Sergipe (TJ-SE) e tem 15 dias para realizar o procedimento legal. Caso n\u00e3o tenha sucesso e o livro continue sendo censurado pela Justi\u00e7a, ele disse que vai jogar os 1 mil exemplares que lhe restam no Rio Sergipe.<\/p>\n<p style=\"text-align: justify;\">Aldo Albuquerque, que n\u00e3o leu o livro, disse que se baseou na Constitui\u00e7\u00e3o Federal para continuar impedindo o lan\u00e7amento do livro. &#8220;A Constitui\u00e7\u00e3o protege a inviolabilidade da individualidade das pessoas&#8221;, explicou ele, ao frisar que escreveu 25 laudas onde defende o n\u00e3o lan\u00e7amento do livro. Para Aldo, se o livro versasse apenas sobre os crimes cometidos por Lampi\u00e3o, esse seria um fato p\u00fablico, mas quando trata da sexualidade, o tema n\u00e3o tem o mesmo interesse.<\/p>\n<p style=\"text-align: justify;\">&#8220;O Aldo \u00e9 um preconceituoso&#8221;, disparou o autor do livro Pedro de Morais. Sobre essa cr\u00edtica e as que poder\u00e3o surgir em virtude da decis\u00e3o, Aldo Albuquerque explicou que &#8220;doutor Pedro \u00e9 um homem muito inteligente, um grande juiz&#8221;. E com rela\u00e7\u00e3o \u00e0s demais cr\u00edticas que poder\u00e3o advir, Aldo explicou que um magistrado tem que agir sem se preocupar com isso, preservando a Constitui\u00e7\u00e3o Federal.<\/p>\n<p style=\"text-align: justify;\">No dia 6 de novembro do ano passado, Pedro de Morais participou da Segunda Bienal do Livro, em Salvador, e vendeu o 1 mil exemplares, restando outros 1 mil para o lan\u00e7amento em Aracaju, que n\u00e3o aconteceu. &#8220;A liminar proibindo o lan\u00e7amento saiu no dia 25 de novembro&#8221;, lembra Pedro.<\/p>\n<p style=\"text-align: justify;\">Dias depois no munic\u00edpio de Campo Formoso, a 400 quil\u00f4metros de Salvador, o livro voltou a fazer sucesso em uma exposi\u00e7\u00e3o liter\u00e1ria. Desta vez, os exemplares foram levados pelo especialista em Lampi\u00e3o Oleone Coelho Fontes, que, inclusive, faz a introdu\u00e7\u00e3o do livro. Oleone continua indignado e disse, na \u00e9poca, que &#8220;seria uma felicidade para o Nordeste se Lampi\u00e3o fosse homossexual&#8221;.<\/p>\n","protected":false},"excerpt":{"rendered":"<p>por ANT\u00d4NIO CARLOS GARGIA, da AG\u00caNCIA ESTADO O juiz da 7\u00aa Vara C\u00edvel de Aracaju, Aldo Albuquerque, manteve a decis\u00e3o de n\u00e3o permitir que o pol\u00eamico livro &#8220;Lampi\u00e3o Mata Sete&#8221;, que sustenta que o Rei do Canga\u00e7o, Virgulino Ferreira da Silva, era gay, seja lan\u00e7ado. No dia 25 de novembro do ano passado, Aldo expediu [&hellip;]<\/p>\n","protected":false},"author":3,"featured_media":25736,"comment_status":"closed","ping_status":"closed","sticky":false,"template":"","format":"standard","meta":{"footnotes":""},"categories":[38],"tags":[],"class_list":{"0":"post-29652","1":"post","2":"type-post","3":"status-publish","4":"format-standard","5":"has-post-thumbnail","7":"category-municipios"},"_links":{"self":[{"href":"https:\/\/senoticias.com.br\/se\/wp-json\/wp\/v2\/posts\/29652"}],"collection":[{"href":"https:\/\/senoticias.com.br\/se\/wp-json\/wp\/v2\/posts"}],"about":[{"href":"https:\/\/senoticias.com.br\/se\/wp-json\/wp\/v2\/types\/post"}],"author":[{"embeddable":true,"href":"https:\/\/senoticias.com.br\/se\/wp-json\/wp\/v2\/users\/3"}],"replies":[{"embeddable":true,"href":"https:\/\/senoticias.com.br\/se\/wp-json\/wp\/v2\/comments?post=29652"}],"version-history":[{"count":0,"href":"https:\/\/senoticias.com.br\/se\/wp-json\/wp\/v2\/posts\/29652\/revisions"}],"wp:featuredmedia":[{"embeddable":true,"href":"https:\/\/senoticias.com.br\/se\/wp-json\/wp\/v2\/media\/25736"}],"wp:attachment":[{"href":"https:\/\/senoticias.com.br\/se\/wp-json\/wp\/v2\/media?parent=29652"}],"wp:term":[{"taxonomy":"category","embeddable":true,"href":"https:\/\/senoticias.com.br\/se\/wp-json\/wp\/v2\/categories?post=29652"},{"taxonomy":"post_tag","embeddable":true,"href":"https:\/\/senoticias.com.br\/se\/wp-json\/wp\/v2\/tags?post=29652"}],"curies":[{"name":"wp","href":"https:\/\/api.w.org\/{rel}","templated":true}]}}