{"id":29638,"date":"2012-04-11T23:16:42","date_gmt":"2012-04-12T02:16:42","guid":{"rendered":"http:\/\/senoticias.com.br\/se\/?p=29638"},"modified":"2012-04-11T23:17:08","modified_gmt":"2012-04-12T02:17:08","slug":"cantor-luciano-e-hospitalizado-em-londrina","status":"publish","type":"post","link":"https:\/\/senoticias.com.br\/se\/cantor-luciano-e-hospitalizado-em-londrina\/","title":{"rendered":"Cantor Luciano \u00e9 hospitalizado em Londrina"},"content":{"rendered":"<div id=\"attachment_29639\" style=\"width: 310px\" class=\"wp-caption alignleft\"><a href=\"http:\/\/senoticias.com.br\/se\/wp-content\/uploads\/2012\/04\/zeze-di-camargo-e-luciano-nos-bastidores-do-show-da-virada-221111-1322015486239_615x300.jpg\"><img loading=\"lazy\" decoding=\"async\" aria-describedby=\"caption-attachment-29639\" class=\"size-medium wp-image-29639\" title=\"zeze-di-camargo-e-luciano-nos-bastidores-do-show-da-virada-221111-1322015486239_615x300\" src=\"http:\/\/senoticias.com.br\/se\/wp-content\/uploads\/2012\/04\/zeze-di-camargo-e-luciano-nos-bastidores-do-show-da-virada-221111-1322015486239_615x300-300x146.jpg\" alt=\"\" width=\"300\" height=\"146\" srcset=\"https:\/\/senoticias.com.br\/se\/wp-content\/uploads\/2012\/04\/zeze-di-camargo-e-luciano-nos-bastidores-do-show-da-virada-221111-1322015486239_615x300-300x146.jpg 300w, https:\/\/senoticias.com.br\/se\/wp-content\/uploads\/2012\/04\/zeze-di-camargo-e-luciano-nos-bastidores-do-show-da-virada-221111-1322015486239_615x300-342x166.jpg 342w, https:\/\/senoticias.com.br\/se\/wp-content\/uploads\/2012\/04\/zeze-di-camargo-e-luciano-nos-bastidores-do-show-da-virada-221111-1322015486239_615x300.jpg 615w\" sizes=\"(max-width: 300px) 100vw, 300px\" \/><\/a><p id=\"caption-attachment-29639\" class=\"wp-caption-text\">Zez\u00e9 Di Camargo e Luciano nos bastidores do &quot;Show da Virada&quot; (22\/11\/11)<\/p><\/div>\n<p style=\"text-align: justify;\">O cantor Luciano, que faz dupla com o irm\u00e3o Zez\u00e9 Di Camargo, foi levado ao Hospital do Cora\u00e7\u00e3o de Londrina (PR) \u00e0s 15h desta quarta-feira (11). Segundo boletim m\u00e9dico, ele deu entrada no pronto-atendimento apresentando quadro de &#8220;indisposi\u00e7\u00e3o&#8221; e foi liberado \u00e0s 18h, depois de passar por exames laboratoriais.<\/p>\n<p>A assessoria da dupla diz que Luciano teve uma diarreia.<\/p>\n<p style=\"text-align: justify;\">Zez\u00e9 usou o Twitter na noite desta quarta para acalmar os f\u00e3s.\u00a0 &#8220;Por favor!!! Sem alardes!! Meu irm\u00e3o s\u00f3 teve um probleminha no est\u00f4mago e j\u00e1 esta no hotel, pronto pro show.&#8221;<\/p>\n<p style=\"text-align: justify;\">A dupla \u00e9 a principal atra\u00e7\u00e3o da noite na ExpoLondrina. O show est\u00e1 marcado para as 22h e n\u00e3o foi cancelado.<\/p>\n<p style=\"text-align: justify;\"><a href=\" http:\/\/musica.uol.com.br\/ultnot\/2012\/04\/11\/cantor-luciano-e-internado-em-londrina.jhtm\" target=\"_blank\"><strong>Informa\u00e7\u00f5es do\u00a0 Portal UOL<\/strong><\/a><\/p>\n","protected":false},"excerpt":{"rendered":"<p>O cantor Luciano, que faz dupla com o irm\u00e3o Zez\u00e9 Di Camargo, foi levado ao Hospital do Cora\u00e7\u00e3o de Londrina (PR) \u00e0s 15h desta quarta-feira (11). Segundo boletim m\u00e9dico, ele deu entrada no pronto-atendimento apresentando quadro de &#8220;indisposi\u00e7\u00e3o&#8221; e foi liberado \u00e0s 18h, depois de passar por exames laboratoriais. A assessoria da dupla diz que [&hellip;]<\/p>\n","protected":false},"author":3,"featured_media":29639,"comment_status":"closed","ping_status":"closed","sticky":false,"template":"","format":"standard","meta":{"footnotes":""},"categories":[22],"tags":[],"class_list":{"0":"post-29638","1":"post","2":"type-post","3":"status-publish","4":"format-standard","5":"has-post-thumbnail","7":"category-famosos"},"_links":{"self":[{"href":"https:\/\/senoticias.com.br\/se\/wp-json\/wp\/v2\/posts\/29638"}],"collection":[{"href":"https:\/\/senoticias.com.br\/se\/wp-json\/wp\/v2\/posts"}],"about":[{"href":"https:\/\/senoticias.com.br\/se\/wp-json\/wp\/v2\/types\/post"}],"author":[{"embeddable":true,"href":"https:\/\/senoticias.com.br\/se\/wp-json\/wp\/v2\/users\/3"}],"replies":[{"embeddable":true,"href":"https:\/\/senoticias.com.br\/se\/wp-json\/wp\/v2\/comments?post=29638"}],"version-history":[{"count":0,"href":"https:\/\/senoticias.com.br\/se\/wp-json\/wp\/v2\/posts\/29638\/revisions"}],"wp:featuredmedia":[{"embeddable":true,"href":"https:\/\/senoticias.com.br\/se\/wp-json\/wp\/v2\/media\/29639"}],"wp:attachment":[{"href":"https:\/\/senoticias.com.br\/se\/wp-json\/wp\/v2\/media?parent=29638"}],"wp:term":[{"taxonomy":"category","embeddable":true,"href":"https:\/\/senoticias.com.br\/se\/wp-json\/wp\/v2\/categories?post=29638"},{"taxonomy":"post_tag","embeddable":true,"href":"https:\/\/senoticias.com.br\/se\/wp-json\/wp\/v2\/tags?post=29638"}],"curies":[{"name":"wp","href":"https:\/\/api.w.org\/{rel}","templated":true}]}}