{"id":29631,"date":"2012-04-11T22:15:24","date_gmt":"2012-04-12T01:15:24","guid":{"rendered":"http:\/\/senoticias.com.br\/se\/?p=29631"},"modified":"2012-04-11T22:23:01","modified_gmt":"2012-04-12T01:23:01","slug":"protesto-a-fifa-sindicatos-fazem-parodia-da-musica-ai-se-eu-te-pego%e2%80%9d-veja-o-video","status":"publish","type":"post","link":"https:\/\/senoticias.com.br\/se\/protesto-a-fifa-sindicatos-fazem-parodia-da-musica-ai-se-eu-te-pego%e2%80%9d-veja-o-video\/","title":{"rendered":"V\u00eddeo de protesto faz Blatter dan\u00e7ar &#8220;Ai se eu te pego&#8221;"},"content":{"rendered":"<div id=\"attachment_29632\" style=\"width: 310px\" class=\"wp-caption alignleft\"><a href=\"http:\/\/senoticias.com.br\/se\/wp-content\/uploads\/2012\/04\/SLIDE-FIFA-E-CRITUICADA-POR-SINDICATO-SUIO.jpg\"><img loading=\"lazy\" decoding=\"async\" aria-describedby=\"caption-attachment-29632\" class=\"size-medium wp-image-29632\" title=\"\" src=\"http:\/\/senoticias.com.br\/se\/wp-content\/uploads\/2012\/04\/SLIDE-FIFA-E-CRITUICADA-POR-SINDICATO-SUIO-300x177.jpg\" alt=\"\" width=\"300\" height=\"177\" srcset=\"https:\/\/senoticias.com.br\/se\/wp-content\/uploads\/2012\/04\/SLIDE-FIFA-E-CRITUICADA-POR-SINDICATO-SUIO-300x177.jpg 300w, https:\/\/senoticias.com.br\/se\/wp-content\/uploads\/2012\/04\/SLIDE-FIFA-E-CRITUICADA-POR-SINDICATO-SUIO-342x202.jpg 342w, https:\/\/senoticias.com.br\/se\/wp-content\/uploads\/2012\/04\/SLIDE-FIFA-E-CRITUICADA-POR-SINDICATO-SUIO.jpg 610w\" sizes=\"(max-width: 300px) 100vw, 300px\" \/><\/a><p id=\"caption-attachment-29632\" class=\"wp-caption-text\">PROTESTO A FIFA! Sindicatos fazem par\u00f3dia da m\u00fasica &quot;Ai se eu te pego\u201d<\/p><\/div>\n<p style=\"text-align: justify;\">Sindicatos de oper\u00e1rios su\u00ed\u00e7os est\u00e3o pressionado a <strong>Fifa<\/strong> a respeitar os direitos humanos na prepara\u00e7\u00e3o brasileira para sediar a <strong>Copa do Mundo de 2014<\/strong>. <strong>O Solidar Suisse<\/strong>, que representa trabalhadores do setor de constru\u00e7\u00e3o do pa\u00eds europeu, lan\u00e7ou uma campanha em que cobra a entidade atrav\u00e9s de um v\u00eddeo publicado na internet.<\/p>\n<p>No v\u00eddeo (<strong>veja abaixo<\/strong>), um ator parecido com Joseph Blatter, atual presidente da Fifa, dan\u00e7a ao som de uma par\u00f3dia da m\u00fasica<strong> &#8220;Ai se eu te pego&#8221;, de Michel Tel\u00f3.<\/strong> &#8220;Notas, notas, assim voc\u00ea me mata&#8221; e &#8220;estamos ficando ricos&#8221;, canta o ator que interpreta o dirigente em uma cr\u00edtica ao comportamento da <strong>Fifa<\/strong>, que estaria apenas preocupada em lucrar com o torneio, de acordo com o \u00f3rg\u00e3o.<\/p>\n<p>Porta-voz do Solidar Suisse, Christian Engeli disse que, apesar do tom leve e de ironia, o v\u00eddeo \u00e9 uma tentativa de chamar a aten\u00e7\u00e3o para abusos graves, como o despejo e m\u00e1s condi\u00e7\u00f5es de trabalho para os trabalhadores que participam das obras. Al\u00e9m disso, a<strong> Fifa<\/strong> \u00e9 criticada pela imposi\u00e7\u00e3o de isen\u00e7\u00f5es fiscais para ela e os patrocinadores da Copa do Mundo.<\/p>\n<p>De acordo com a organiza\u00e7\u00e3o, &#8220;150.000 pessoas s\u00e3o despejadas, milhares de vendedores ambulantes perdem receitas de venda, amea\u00e7ando a sua exist\u00eancia, e pessoas trabalham sob condi\u00e7\u00f5es miser\u00e1veis&#8221;. &#8220;O senhor, como presidente da Fifa, pode mudar isso: Atue, ainda n\u00e3o \u00e9 tarde demais!&#8221;, cobra o Solidar a Blatter.<\/p>\n<p>A Fifa n\u00e3o se manifestou oficialmente sobre o conte\u00fado do v\u00eddeo e as cobran\u00e7as do Solidar. A meta dos respons\u00e1veis pela a\u00e7\u00e3o \u00e9 obter 50 mil assinaturas em um abaixo assinado, que posteriormente ser\u00e1 enviado para a entidade.<\/p>\n<p style=\"text-align: justify;\"><strong>Confira o v\u00eddeo lan\u00e7ado pelo Solidar Suisse:<\/strong><\/p>\n<p>&nbsp;<\/p>\n<p><iframe loading=\"lazy\" title=\"FIFA boss Blatter goes crazy at press conference. Watch before deleted... [HD]\" width=\"500\" height=\"281\" src=\"https:\/\/www.youtube.com\/embed\/847qI9Ly5uk?feature=oembed\" frameborder=\"0\" allow=\"accelerometer; autoplay; clipboard-write; encrypted-media; gyroscope; picture-in-picture; web-share\" referrerpolicy=\"strict-origin-when-cross-origin\" allowfullscreen><\/iframe><\/p>\n<p><strong>Fonte : Ag\u00eancia Estado<\/strong><\/p>\n","protected":false},"excerpt":{"rendered":"<p>Sindicatos de oper\u00e1rios su\u00ed\u00e7os est\u00e3o pressionado a Fifa a respeitar os direitos humanos na prepara\u00e7\u00e3o brasileira para sediar a Copa do Mundo de 2014. O Solidar Suisse, que representa trabalhadores do setor de constru\u00e7\u00e3o do pa\u00eds europeu, lan\u00e7ou uma campanha em que cobra a entidade atrav\u00e9s de um v\u00eddeo publicado na internet. No v\u00eddeo (veja [&hellip;]<\/p>\n","protected":false},"author":3,"featured_media":29632,"comment_status":"closed","ping_status":"closed","sticky":false,"template":"","format":"standard","meta":{"footnotes":""},"categories":[39,8],"tags":[],"class_list":{"0":"post-29631","1":"post","2":"type-post","3":"status-publish","4":"format-standard","5":"has-post-thumbnail","7":"category-esporte","8":"category-esporte-e-cultura"},"_links":{"self":[{"href":"https:\/\/senoticias.com.br\/se\/wp-json\/wp\/v2\/posts\/29631"}],"collection":[{"href":"https:\/\/senoticias.com.br\/se\/wp-json\/wp\/v2\/posts"}],"about":[{"href":"https:\/\/senoticias.com.br\/se\/wp-json\/wp\/v2\/types\/post"}],"author":[{"embeddable":true,"href":"https:\/\/senoticias.com.br\/se\/wp-json\/wp\/v2\/users\/3"}],"replies":[{"embeddable":true,"href":"https:\/\/senoticias.com.br\/se\/wp-json\/wp\/v2\/comments?post=29631"}],"version-history":[{"count":0,"href":"https:\/\/senoticias.com.br\/se\/wp-json\/wp\/v2\/posts\/29631\/revisions"}],"wp:featuredmedia":[{"embeddable":true,"href":"https:\/\/senoticias.com.br\/se\/wp-json\/wp\/v2\/media\/29632"}],"wp:attachment":[{"href":"https:\/\/senoticias.com.br\/se\/wp-json\/wp\/v2\/media?parent=29631"}],"wp:term":[{"taxonomy":"category","embeddable":true,"href":"https:\/\/senoticias.com.br\/se\/wp-json\/wp\/v2\/categories?post=29631"},{"taxonomy":"post_tag","embeddable":true,"href":"https:\/\/senoticias.com.br\/se\/wp-json\/wp\/v2\/tags?post=29631"}],"curies":[{"name":"wp","href":"https:\/\/api.w.org\/{rel}","templated":true}]}}