{"id":29625,"date":"2012-04-11T21:51:51","date_gmt":"2012-04-12T00:51:51","guid":{"rendered":"http:\/\/senoticias.com.br\/se\/?p=29625"},"modified":"2012-04-12T14:58:56","modified_gmt":"2012-04-12T17:58:56","slug":"29625","status":"publish","type":"post","link":"https:\/\/senoticias.com.br\/se\/29625\/","title":{"rendered":"D\u00e9da agiliza negocia\u00e7\u00f5es de opera\u00e7\u00f5es de cr\u00e9dito em reuni\u00e3o com o presidente do BID"},"content":{"rendered":"<p>&nbsp;<\/p>\n<div id=\"attachment_29626\" style=\"width: 310px\" class=\"wp-caption alignleft\"><a href=\"http:\/\/senoticias.com.br\/se\/wp-content\/uploads\/2012\/04\/DSC8398.jpg\"><img loading=\"lazy\" decoding=\"async\" aria-describedby=\"caption-attachment-29626\" class=\"size-medium wp-image-29626\" title=\"\" src=\"http:\/\/senoticias.com.br\/se\/wp-content\/uploads\/2012\/04\/DSC8398-300x199.jpg\" alt=\"\" width=\"300\" height=\"199\" srcset=\"https:\/\/senoticias.com.br\/se\/wp-content\/uploads\/2012\/04\/DSC8398-300x199.jpg 300w, https:\/\/senoticias.com.br\/se\/wp-content\/uploads\/2012\/04\/DSC8398-342x227.jpg 342w, https:\/\/senoticias.com.br\/se\/wp-content\/uploads\/2012\/04\/DSC8398.jpg 700w\" sizes=\"(max-width: 300px) 100vw, 300px\" \/><\/a><p id=\"caption-attachment-29626\" class=\"wp-caption-text\">O governador Marcelo D\u00e9da e o presidente do Banco Interamericano de Desenvolvimento, Luis Alberto Moreno \/ Foto: Ascom\/BID<\/p><\/div>\n<p style=\"text-align: justify;\">O segundo dia da visita do governador Marcelo D\u00e9da a Washington foi dedicado a tratativas com o Banco Interamericano de Desenvolvimento (BID) para acelerar o processo de obten\u00e7\u00e3o de opera\u00e7\u00f5es de cr\u00e9dito para o estado.\u00a0 Nesta quarta-feira, 11, D\u00e9da foi recebido pelo presidente da institui\u00e7\u00e3o, Luis Alberto Moreno, para discutir a agenda do estado de Sergipe perante o Banco. D\u00e9da e Moreno se concentraram em tr\u00eas projetos espec\u00edficos: Promofaz\/Profisco, Prodetur II e Novo.<\/p>\n<p style=\"text-align: justify;\">O Programa de Moderniza\u00e7\u00e3o da Gest\u00e3o Fiscal (Promofaz\/Profisco) tem a finalidade de incrementar a arrecada\u00e7\u00e3o dos tributos pr\u00f3prios do Estado, al\u00e9m de aprimorar a qualidade do gasto p\u00fablico ao mesmo tempo em que s\u00e3o oferecidos melhores servi\u00e7os \u00e0 popula\u00e7\u00e3o. O projeto implica uma opera\u00e7\u00e3o no valor de US$ 5, 788 milh\u00f5es e sua fase de negocia\u00e7\u00e3o j\u00e1 foi conclu\u00edda.<\/p>\n<p style=\"text-align: justify;\">\u201cO programa implica desburocratizar e fortalecer os centros de atendimento aos cidad\u00e3os, que \u00e9 uma das marcas da nossa moderniza\u00e7\u00e3o administrativa. A opera\u00e7\u00e3o est\u00e1 muito avan\u00e7ada, e presumo que possa ser conclu\u00edda ainda este ano\u201d, disse o governador.<\/p>\n<p style=\"text-align: justify;\">A ind\u00fastria do turismo tem recebido especial aten\u00e7\u00e3o do governo D\u00e9da, uma vez que o estado tem demonstrado um potencial significativo para atrair mais turistas.\u00a0 Segundo o governador, \u00e9 importante que isso seja explorado durante a Copa do Mundo de 2014 e os Jogos Ol\u00edmpicos de 2016, quando o Brasil ser\u00e1 anfitri\u00e3o de ambos eventos de alcance global.<\/p>\n<p style=\"text-align: justify;\">O BID est\u00e1 avaliando o projeto que objetiva desenvolver a atividade tur\u00edstica de modo sustent\u00e1vel, por meio de uma s\u00e9rie de a\u00e7\u00f5es que consolidem e desenvolvam a capacidade tur\u00edstica do estado, ao mesmo tempo em que melhoram a qualidade de vida das comunidades que vivem nos principais p\u00f3los tur\u00edsticos de Sergipe. O Prodetur II receber\u00e1 uma inje\u00e7\u00e3o de US$ 60 milh\u00f5es, se o programa for aprovado pelo BID, que levar\u00e1 em conta as contrapartidas de investimento oferecidas pelo Estado.<\/p>\n<p style=\"text-align: justify;\">\u201cQuanto mais r\u00e1pido as contrapartidas forem aprovadas, posso agilizar o in\u00edcio de certos investimentos, como a moderniza\u00e7\u00e3o do aeroporto de Aracaju\u201d, afirmou D\u00e9da.<\/p>\n<p style=\"text-align: justify;\">Na \u00e1rea da sa\u00fade, D\u00e9da discutiu com o presidente da institui\u00e7\u00e3o o programa de fortalecimento das redes de inclus\u00e3o social e de aten\u00e7\u00e3o \u00e0 sa\u00fade (Novo). A meta dessa iniciativa \u00e9 promover a consolida\u00e7\u00e3o da reforma sanit\u00e1ria com a qualifica\u00e7\u00e3o das opera\u00e7\u00f5es de assist\u00eancia de modo sustent\u00e1vel para assegurar melhores condi\u00e7\u00f5es de sa\u00fade ao povo sergipiano. No momento, o programa se encontra na fase final da elabora\u00e7\u00e3o de uma carta-consulta a ser submetida \u00e0 Comiss\u00e3o de Financiamentos Externos (Cofiex\/Seain\/MP).\u00a0 A carta-consulta est\u00e1 sendo preparada por uma especialista t\u00e9cnica do BID e deve ser entregue nos pr\u00f3ximos dias. Com o programa, o setor de sa\u00fade do estado de Sergipe se beneficiar\u00e1 de US$ 85 milh\u00f5es.<\/p>\n<p style=\"text-align: justify;\">Uma das principais prioridades das tratativas de D\u00e9da com o Banco \u00e9 garantir que a popula\u00e7\u00e3o de Sergipe possa contar com aprimoramentos realmente s\u00f3lidos no que diz respeito ao tratamento do c\u00e2ncer, com equipamentos e servi\u00e7os implementados ao Hospital do C\u00e2ncer, e a implanta\u00e7\u00e3o do Centro de Aten\u00e7\u00e3o a Pessoas com Defici\u00eancias, al\u00e9m do combate e preven\u00e7\u00e3o de doen\u00e7as negligenciadas, como dengue, tuberculose e esquistossomose, que s\u00e3o comumente encontradas em munic\u00edpios com alto \u00edndice de pobreza extrema.<\/p>\n<p style=\"text-align: justify;\">\u201cEstamos trabalhando para que em 2013 j\u00e1 possamos estar executando os programas\u201d, afirmou o chefe do executivo de Sergipe.<\/p>\n<p style=\"text-align: justify;\">O governador e sua comitiva conclu\u00edram a visita ao BID com uma reuni\u00e3o com S\u00e9rgio Portugal, diretor executivo do Banco para Brasil e Suriname, que prometeu total apoio para que os programas possam ser desenvolvidos com o m\u00e1ximo de presteza e agilidade.<\/p>\n<p style=\"text-align: justify;\"><span style=\"color: #333333;\"><strong>Secretaria de Estado da Comunica\u00e7\u00e3o Social<\/strong><\/span><\/p>\n","protected":false},"excerpt":{"rendered":"<p>&nbsp; O segundo dia da visita do governador Marcelo D\u00e9da a Washington foi dedicado a tratativas com o Banco Interamericano de Desenvolvimento (BID) para acelerar o processo de obten\u00e7\u00e3o de opera\u00e7\u00f5es de cr\u00e9dito para o estado.\u00a0 Nesta quarta-feira, 11, D\u00e9da foi recebido pelo presidente da institui\u00e7\u00e3o, Luis Alberto Moreno, para discutir a agenda do estado [&hellip;]<\/p>\n","protected":false},"author":3,"featured_media":29626,"comment_status":"closed","ping_status":"closed","sticky":false,"template":"","format":"standard","meta":{"footnotes":""},"categories":[6],"tags":[],"class_list":{"0":"post-29625","1":"post","2":"type-post","3":"status-publish","4":"format-standard","5":"has-post-thumbnail","7":"category-politica"},"_links":{"self":[{"href":"https:\/\/senoticias.com.br\/se\/wp-json\/wp\/v2\/posts\/29625"}],"collection":[{"href":"https:\/\/senoticias.com.br\/se\/wp-json\/wp\/v2\/posts"}],"about":[{"href":"https:\/\/senoticias.com.br\/se\/wp-json\/wp\/v2\/types\/post"}],"author":[{"embeddable":true,"href":"https:\/\/senoticias.com.br\/se\/wp-json\/wp\/v2\/users\/3"}],"replies":[{"embeddable":true,"href":"https:\/\/senoticias.com.br\/se\/wp-json\/wp\/v2\/comments?post=29625"}],"version-history":[{"count":0,"href":"https:\/\/senoticias.com.br\/se\/wp-json\/wp\/v2\/posts\/29625\/revisions"}],"wp:featuredmedia":[{"embeddable":true,"href":"https:\/\/senoticias.com.br\/se\/wp-json\/wp\/v2\/media\/29626"}],"wp:attachment":[{"href":"https:\/\/senoticias.com.br\/se\/wp-json\/wp\/v2\/media?parent=29625"}],"wp:term":[{"taxonomy":"category","embeddable":true,"href":"https:\/\/senoticias.com.br\/se\/wp-json\/wp\/v2\/categories?post=29625"},{"taxonomy":"post_tag","embeddable":true,"href":"https:\/\/senoticias.com.br\/se\/wp-json\/wp\/v2\/tags?post=29625"}],"curies":[{"name":"wp","href":"https:\/\/api.w.org\/{rel}","templated":true}]}}