{"id":29618,"date":"2012-04-11T17:12:50","date_gmt":"2012-04-11T20:12:50","guid":{"rendered":"http:\/\/senoticias.com.br\/se\/?p=29618"},"modified":"2012-04-12T13:43:32","modified_gmt":"2012-04-12T16:43:32","slug":"pm-prende-baianos-portando-armas-de-fogo-em-estacionamento-de-shopping-em-aracaju","status":"publish","type":"post","link":"https:\/\/senoticias.com.br\/se\/pm-prende-baianos-portando-armas-de-fogo-em-estacionamento-de-shopping-em-aracaju\/","title":{"rendered":"PM prende baianos portando armas de fogo em estacionamento de shopping em Aracaju"},"content":{"rendered":"<p style=\"text-align: justify;\"><a href=\"http:\/\/senoticias.com.br\/se\/wp-content\/uploads\/2012\/04\/img4f85d14114ba5.jpg\"><img loading=\"lazy\" decoding=\"async\" class=\"alignleft size-medium wp-image-29619\" title=\"img4f85d14114ba5\" src=\"http:\/\/senoticias.com.br\/se\/wp-content\/uploads\/2012\/04\/img4f85d14114ba5-300x225.jpg\" alt=\"\" width=\"300\" height=\"225\" srcset=\"https:\/\/senoticias.com.br\/se\/wp-content\/uploads\/2012\/04\/img4f85d14114ba5-300x225.jpg 300w, https:\/\/senoticias.com.br\/se\/wp-content\/uploads\/2012\/04\/img4f85d14114ba5-342x256.jpg 342w, https:\/\/senoticias.com.br\/se\/wp-content\/uploads\/2012\/04\/img4f85d14114ba5-60x45.jpg 60w, https:\/\/senoticias.com.br\/se\/wp-content\/uploads\/2012\/04\/img4f85d14114ba5-150x113.jpg 150w, https:\/\/senoticias.com.br\/se\/wp-content\/uploads\/2012\/04\/img4f85d14114ba5-269x201.jpg 269w, https:\/\/senoticias.com.br\/se\/wp-content\/uploads\/2012\/04\/img4f85d14114ba5.jpg 560w\" sizes=\"(max-width: 300px) 100vw, 300px\" \/><\/a>A Pol\u00edcia Militar, atrav\u00e9s da 3\u00aa Companhia do 1\u00ba Batalh\u00e3o de Pol\u00edcia Militar (3\u00aa Cia\/1\u00ba BPCom), prendeu na manh\u00e3 desta quarta-feira, 11, Caio Roberto da Costa Santos, 18 anos, e John Kleber Concei\u00e7\u00e3o Santos, 18 anos, ambos da cidade de Feira da Santana (BA), acusados de portar armas de fogo e roubar um ve\u00edculo na capital sergipana.<\/p>\n<p style=\"text-align: justify;\">A a\u00e7\u00e3o aconteceu quando policiais dos Postos de Atendimento ao Cidad\u00e3o dos bairros Grageru, M\u00e9dici e In\u00e1cio Barbosa foram acionados para atender uma ocorr\u00eancia referente a roubo de ve\u00edculo no estacionamento de um supermercado da capital.<\/p>\n<p style=\"text-align: justify;\">Os policiais foram informados que um ve\u00edculo Saveiro Cross, placa <a href=\"http:\/\/senoticias.com.br\/se\/wp-content\/uploads\/2012\/04\/img4f85d10919fd1.jpg\"><img loading=\"lazy\" decoding=\"async\" class=\"alignleft size-medium wp-image-29620\" title=\"img4f85d10919fd1\" src=\"http:\/\/senoticias.com.br\/se\/wp-content\/uploads\/2012\/04\/img4f85d10919fd1-300x225.jpg\" alt=\"\" width=\"300\" height=\"225\" srcset=\"https:\/\/senoticias.com.br\/se\/wp-content\/uploads\/2012\/04\/img4f85d10919fd1-300x225.jpg 300w, https:\/\/senoticias.com.br\/se\/wp-content\/uploads\/2012\/04\/img4f85d10919fd1-342x256.jpg 342w, https:\/\/senoticias.com.br\/se\/wp-content\/uploads\/2012\/04\/img4f85d10919fd1-60x45.jpg 60w, https:\/\/senoticias.com.br\/se\/wp-content\/uploads\/2012\/04\/img4f85d10919fd1-150x113.jpg 150w, https:\/\/senoticias.com.br\/se\/wp-content\/uploads\/2012\/04\/img4f85d10919fd1-269x201.jpg 269w, https:\/\/senoticias.com.br\/se\/wp-content\/uploads\/2012\/04\/img4f85d10919fd1.jpg 640w\" sizes=\"(max-width: 300px) 100vw, 300px\" \/><\/a>DES-3079, de Tobias Barreto\/SE havia sido roubado &#8211; por dois homens &#8211; na r\u00f3tula do bairro Jardins e abandonado no estacionamento do supermercado. Em seguida, a dupla fugiu em outro carro, um VW Fox, de cor vermelha.<\/p>\n<p style=\"text-align: justify;\">Os policiais iniciaram buscas no bairro Jardins e conseguiram deter a dupla no estacionamento de um shopping localizado na regi\u00e3o. Houve confronto f\u00edsico entre os policiais e a dupla, mas os homens foram presos portando dois rev\u00f3lveres calibre 38 com nove muni\u00e7\u00f5es intactas, um aparelho celular e a quantia de R$ 179 em esp\u00e9cie.<\/p>\n<p style=\"text-align: justify;\">Segundo informa\u00e7\u00f5es de um vigilante do supermercado onde a Saveiro foi deixada, havia outra dupla com os homens detidos, que teria fugido sentido conjunto Leite Neto, no Fox j\u00e1 mencionado.<\/p>\n<p style=\"text-align: justify;\">Foram encaminhados \u00e0 Delegacia Especializada em Roubos e Furtos de Ve\u00edculos os dois homens, as armas de fogo com as muni\u00e7\u00f5es, o dinheiro e a Saveiro que estava abandonada no estacionamento de um supermercado.<\/p>\n<p style=\"text-align: justify;\">Da Ascom \/ PM\/SE<\/p>\n","protected":false},"excerpt":{"rendered":"<p>A Pol\u00edcia Militar, atrav\u00e9s da 3\u00aa Companhia do 1\u00ba Batalh\u00e3o de Pol\u00edcia Militar (3\u00aa Cia\/1\u00ba BPCom), prendeu na manh\u00e3 desta quarta-feira, 11, Caio Roberto da Costa Santos, 18 anos, e John Kleber Concei\u00e7\u00e3o Santos, 18 anos, ambos da cidade de Feira da Santana (BA), acusados de portar armas de fogo e roubar um ve\u00edculo na [&hellip;]<\/p>\n","protected":false},"author":3,"featured_media":29619,"comment_status":"closed","ping_status":"closed","sticky":false,"template":"","format":"standard","meta":{"footnotes":""},"categories":[7],"tags":[],"class_list":{"0":"post-29618","1":"post","2":"type-post","3":"status-publish","4":"format-standard","5":"has-post-thumbnail","7":"category-policia"},"_links":{"self":[{"href":"https:\/\/senoticias.com.br\/se\/wp-json\/wp\/v2\/posts\/29618"}],"collection":[{"href":"https:\/\/senoticias.com.br\/se\/wp-json\/wp\/v2\/posts"}],"about":[{"href":"https:\/\/senoticias.com.br\/se\/wp-json\/wp\/v2\/types\/post"}],"author":[{"embeddable":true,"href":"https:\/\/senoticias.com.br\/se\/wp-json\/wp\/v2\/users\/3"}],"replies":[{"embeddable":true,"href":"https:\/\/senoticias.com.br\/se\/wp-json\/wp\/v2\/comments?post=29618"}],"version-history":[{"count":0,"href":"https:\/\/senoticias.com.br\/se\/wp-json\/wp\/v2\/posts\/29618\/revisions"}],"wp:featuredmedia":[{"embeddable":true,"href":"https:\/\/senoticias.com.br\/se\/wp-json\/wp\/v2\/media\/29619"}],"wp:attachment":[{"href":"https:\/\/senoticias.com.br\/se\/wp-json\/wp\/v2\/media?parent=29618"}],"wp:term":[{"taxonomy":"category","embeddable":true,"href":"https:\/\/senoticias.com.br\/se\/wp-json\/wp\/v2\/categories?post=29618"},{"taxonomy":"post_tag","embeddable":true,"href":"https:\/\/senoticias.com.br\/se\/wp-json\/wp\/v2\/tags?post=29618"}],"curies":[{"name":"wp","href":"https:\/\/api.w.org\/{rel}","templated":true}]}}